{"id":38293,"date":"2025-06-16T17:24:18","date_gmt":"2025-06-16T17:24:18","guid":{"rendered":"https:\/\/haberbesiktas.tr\/?p=38293"},"modified":"2025-06-16T17:24:18","modified_gmt":"2025-06-16T17:24:18","slug":"derbide-ali-koc-formasina-ceza","status":"publish","type":"post","link":"https:\/\/haberbesiktas.tr\/?p=38293","title":{"rendered":"Derbide &#8216;Ali Ko\u00e7 formas\u0131&#8217;na ceza"},"content":{"rendered":"<div>Kad\u0131k\u00f6y&#8217;de oynanan Fenerbah\u00e7e-Galatasaray derbisinde Victor Osimhen&#8217;in penalt\u0131dan att\u0131\u011f\u0131 golden sonra deplasman trib\u00fcn\u00fcnde sevinen bir Galatasaray taraftar\u0131 \u00fczerindeki Ali Ko\u00e7 formas\u0131n\u0131 havaya kald\u0131rd\u0131\u011f\u0131 i\u00e7in \u00e7aban\u0131n 65. dakikas\u0131nda stattan \u00e7\u0131kart\u0131ld\u0131.<\/p>\n<p> 6222 say\u0131l\u0131 kanun \u00fczerinden s\u00fcre\u00e7 uygulanan Galatasaray taraftar\u0131 bir sene boyunca spor kar\u015f\u0131la\u015fmalar\u0131ndan men edildi.<\/p>\n<p><img decoding=\"async\" src=\"https:\/\/haberbesiktas.tr\/wp-content\/uploads\/2025\/06\/derbide-ali-koc-formasina-ceza-0-76gmHcKd.jpg\"\/><\/p>\n<p> Taraftara bildirilen bildirimde &#8220;2 Nisan 2025 saat 20:45&#8217;te oynanan Fenerbah\u00e7e&#8217;nin mesken sahipli\u011fi yapt\u0131\u011f\u0131 Fenerbah\u00e7e \u00dclker Stadyumunda Fenerbah\u00e7e-Galatasaray profesyonel futbol gruplar\u0131 ortas\u0131nda oynanacak olan Ziraat T\u00fcrkiye Kupas\u0131 \u00c7eyrek Final kar\u015f\u0131la\u015fmas\u0131nda 6222 Say\u0131l\u0131 Kanuna muhalif hareketinizden \u00f6t\u00fcr\u00fc hakk\u0131n\u0131zda C. Savc\u0131s\u0131n\u0131n talimat\u0131yla soru\u015fturma ba\u015flat\u0131lm\u0131\u015ft\u0131r. Bildiri tarihinden itibaren spor kar\u015f\u0131la\u015fmalar\u0131 ve idmanlar\u0131n\u0131 seyirden yasakland\u0131n\u0131z&#8221; tabirleri yer ald\u0131. [Oda TV]\n<\/div>\n","protected":false},"excerpt":{"rendered":"<p>Ziraat T\u00fcrkiye Kupas\u0131 \u00e7eyrek finalinde oynanan Fenerbah\u00e7e-Galatasaray derbisinde Osimhen&#8217;in penalt\u0131dan kaydetti\u011fi gol\u00fcn akabinde deplasman trib\u00fcn\u00fcnde, s\u0131rt\u0131nda Ali Ko\u00e7 yazan formay\u0131 havaya kald\u0131ran Galatasaray taraftar\u0131 bir sene spor kar\u015f\u0131la\u015fmalar\u0131ndan men edildi.<\/p>\n","protected":false},"author":1,"featured_media":38294,"comment_status":"open","ping_status":"open","sticky":false,"template":"","format":"standard","meta":{"footnotes":""},"categories":[25],"tags":[],"class_list":["post-38293","post","type-post","status-publish","format-standard","has-post-thumbnail","hentry","category-futbol"],"_links":{"self":[{"href":"https:\/\/haberbesiktas.tr\/index.php?rest_route=\/wp\/v2\/posts\/38293","targetHints":{"allow":["GET"]}}],"collection":[{"href":"https:\/\/haberbesiktas.tr\/index.php?rest_route=\/wp\/v2\/posts"}],"about":[{"href":"https:\/\/haberbesiktas.tr\/index.php?rest_route=\/wp\/v2\/types\/post"}],"author":[{"embeddable":true,"href":"https:\/\/haberbesiktas.tr\/index.php?rest_route=\/wp\/v2\/users\/1"}],"replies":[{"embeddable":true,"href":"https:\/\/haberbesiktas.tr\/index.php?rest_route=%2Fwp%2Fv2%2Fcomments&post=38293"}],"version-history":[{"count":1,"href":"https:\/\/haberbesiktas.tr\/index.php?rest_route=\/wp\/v2\/posts\/38293\/revisions"}],"predecessor-version":[{"id":38296,"href":"https:\/\/haberbesiktas.tr\/index.php?rest_route=\/wp\/v2\/posts\/38293\/revisions\/38296"}],"wp:featuredmedia":[{"embeddable":true,"href":"https:\/\/haberbesiktas.tr\/index.php?rest_route=\/wp\/v2\/media\/38294"}],"wp:attachment":[{"href":"https:\/\/haberbesiktas.tr\/index.php?rest_route=%2Fwp%2Fv2%2Fmedia&parent=38293"}],"wp:term":[{"taxonomy":"category","embeddable":true,"href":"https:\/\/haberbesiktas.tr\/index.php?rest_route=%2Fwp%2Fv2%2Fcategories&post=38293"},{"taxonomy":"post_tag","embeddable":true,"href":"https:\/\/haberbesiktas.tr\/index.php?rest_route=%2Fwp%2Fv2%2Ftags&post=38293"}],"curies":[{"name":"wp","href":"https:\/\/api.w.org\/{rel}","templated":true}]}}