{"id":38297,"date":"2025-06-16T17:36:07","date_gmt":"2025-06-16T17:36:07","guid":{"rendered":"https:\/\/haberbesiktas.tr\/?p=38297"},"modified":"2025-06-16T17:36:07","modified_gmt":"2025-06-16T17:36:07","slug":"manisa-fknin-rakibi-ankara-keciorengucu","status":"publish","type":"post","link":"https:\/\/haberbesiktas.tr\/?p=38297","title":{"rendered":"Manisa FK&#8217;n\u0131n rakibi Ankara Ke\u00e7i\u00f6reng\u00fcc\u00fc"},"content":{"rendered":"<div>1&#8217;inci Lig&#8217;de son olarak deplasmanda Erzurumspor FK&#8217;ya 1-0 kaybedip bitime 7 ma\u00e7 kala 37 puanla d\u00fc\u015fme potas\u0131ndan \u00e7\u0131kamayan Manisa Futbol Kul\u00fcb\u00fc yar\u0131n 32&#8217;nci hafta kar\u015f\u0131la\u015fmas\u0131nda meskeninde Ankara Ke\u00e7i\u00f6reng\u00fcc\u00fc ile kar\u015f\u0131 kar\u015f\u0131ya gelecek. Manisa 19 May\u0131s Stad\u0131&#8217;nda saat 13.30&#8217;da ba\u015flayacak ma\u00e7ta Fazilet Merto\u011flu d\u00fcd\u00fck \u00e7alacak.<\/p>\n<p> Mesken sahibi Manisa FK&#8217;da k\u0131rm\u0131z\u0131 kart cezal\u0131s\u0131 orta saha Mamadou Cissokho ile sar\u0131 kart cezal\u0131s\u0131 savunma oyuncusu Bartu G\u00f6\u00e7men forma giyemeyecek. Teknik Y\u00f6netici Taner Ta\u015fk\u0131n, alana mutlak galibiyet i\u00e7in \u00e7\u0131kacaklar\u0131n\u0131 belirterek, &#8220;Bizim ismimize her m\u00fcsabaka final. Alan\u0131m\u0131zda kay\u0131p ya\u015famak istemiyoruz. Kazan\u0131p d\u00fc\u015fme potas\u0131ndan kurtulmay\u0131 hedefliyoruz. B\u00fct\u00fcn Manisa&#8217;y\u0131 dayana\u011fa bekliyoruz&#8221; dedi. Manisa ekibi ligde sal\u0131 g\u00fcn\u00fc de Amed Sportif&#8217;i a\u011f\u0131rlayacak.<\/p>\n<\/div>\n","protected":false},"excerpt":{"rendered":"<p>Trendyol 1. Lig&#8217;de k\u00fcme d\u00fc\u015fmeme \u00e7abas\u0131 veren Manisa FK, alan\u0131nda Ankara Ke\u00e7i\u00f6reng\u00fcc\u00fc&#8217;n\u00fc a\u011f\u0131rlayacak.<\/p>\n","protected":false},"author":1,"featured_media":38298,"comment_status":"open","ping_status":"open","sticky":false,"template":"","format":"standard","meta":{"footnotes":""},"categories":[25],"tags":[181],"class_list":["post-38297","post","type-post","status-publish","format-standard","has-post-thumbnail","hentry","category-futbol","tag-manisa"],"_links":{"self":[{"href":"https:\/\/haberbesiktas.tr\/index.php?rest_route=\/wp\/v2\/posts\/38297","targetHints":{"allow":["GET"]}}],"collection":[{"href":"https:\/\/haberbesiktas.tr\/index.php?rest_route=\/wp\/v2\/posts"}],"about":[{"href":"https:\/\/haberbesiktas.tr\/index.php?rest_route=\/wp\/v2\/types\/post"}],"author":[{"embeddable":true,"href":"https:\/\/haberbesiktas.tr\/index.php?rest_route=\/wp\/v2\/users\/1"}],"replies":[{"embeddable":true,"href":"https:\/\/haberbesiktas.tr\/index.php?rest_route=%2Fwp%2Fv2%2Fcomments&post=38297"}],"version-history":[{"count":1,"href":"https:\/\/haberbesiktas.tr\/index.php?rest_route=\/wp\/v2\/posts\/38297\/revisions"}],"predecessor-version":[{"id":38299,"href":"https:\/\/haberbesiktas.tr\/index.php?rest_route=\/wp\/v2\/posts\/38297\/revisions\/38299"}],"wp:featuredmedia":[{"embeddable":true,"href":"https:\/\/haberbesiktas.tr\/index.php?rest_route=\/wp\/v2\/media\/38298"}],"wp:attachment":[{"href":"https:\/\/haberbesiktas.tr\/index.php?rest_route=%2Fwp%2Fv2%2Fmedia&parent=38297"}],"wp:term":[{"taxonomy":"category","embeddable":true,"href":"https:\/\/haberbesiktas.tr\/index.php?rest_route=%2Fwp%2Fv2%2Fcategories&post=38297"},{"taxonomy":"post_tag","embeddable":true,"href":"https:\/\/haberbesiktas.tr\/index.php?rest_route=%2Fwp%2Fv2%2Ftags&post=38297"}],"curies":[{"name":"wp","href":"https:\/\/api.w.org\/{rel}","templated":true}]}}