{"id":38300,"date":"2025-06-16T17:48:09","date_gmt":"2025-06-16T17:48:09","guid":{"rendered":"https:\/\/haberbesiktas.tr\/?p=38300"},"modified":"2025-06-16T17:48:09","modified_gmt":"2025-06-16T17:48:09","slug":"reeder-samsunspor-avrupa-askina","status":"publish","type":"post","link":"https:\/\/haberbesiktas.tr\/?p=38300","title":{"rendered":"Reeder Samsunspor Avrupa a\u015fk\u0131na"},"content":{"rendered":"<div>Reeder Samsunspor, Trendyol Muhte\u015fem Lig&#8217;in 30. haftas\u0131nda yar\u0131n Onvo Antalyaspor&#8217;a konuk olacak.<\/p>\n<p> Corendon Airlines Park Antalya Stad\u0131&#8217;nda oynanacak m\u00fcsabaka, saat 19.00&#8217;da ba\u015flayacak. Kar\u015f\u0131la\u015fmay\u0131 hakem \u00dcmit \u00d6zt\u00fcrk y\u00f6netecek.<\/p>\n<p> S\u00fcper Lig&#8217;de \u00e7\u0131kt\u0131\u011f\u0131 28 ma\u00e7ta 15 galibiyet, 6 beraberlik ve 7 yenilgi ya\u015fayan Samsunspor, 51 puanla 3. s\u0131rada yer al\u0131yor.<\/p>\n<p> Samsun tak\u0131m\u0131, Onvo Antalyaspor&#8217;u yenerek ligde d\u00f6rd\u00fcnc\u00fc s\u0131radaki Be\u015fikta\u015f ile ortas\u0131ndaki puan fark\u0131n\u0131 korumak istiyor.<\/p>\n<p> Karadeniz tak\u0131m\u0131nda sakatl\u0131klar\u0131 bulunan Celil Y\u00fcksel, Olivier Ntcham, Youssef \u0130li\u015fkin Benasser ve Lubomir Satka&#8217;n\u0131n Onvo Antalyaspor m\u00fcsabakas\u0131nda forma giyip giymeyece\u011fi ma\u00e7 saatinde netle\u015fecek.<\/p>\n<\/div>\n","protected":false},"excerpt":{"rendered":"<p>Ligde 3&#8217;\u00fcnc\u00fc s\u0131rada bulunan ve Avrupa kupalar\u0131na kat\u0131lmay\u0131 hedefleyen Reeder Samsunpor, cumartesi g\u00fcn\u00fc Onvo Antalyaspor&#8217;a konuk olacak.<\/p>\n","protected":false},"author":1,"featured_media":38301,"comment_status":"open","ping_status":"open","sticky":false,"template":"","format":"standard","meta":{"footnotes":""},"categories":[25],"tags":[],"class_list":["post-38300","post","type-post","status-publish","format-standard","has-post-thumbnail","hentry","category-futbol"],"_links":{"self":[{"href":"https:\/\/haberbesiktas.tr\/index.php?rest_route=\/wp\/v2\/posts\/38300","targetHints":{"allow":["GET"]}}],"collection":[{"href":"https:\/\/haberbesiktas.tr\/index.php?rest_route=\/wp\/v2\/posts"}],"about":[{"href":"https:\/\/haberbesiktas.tr\/index.php?rest_route=\/wp\/v2\/types\/post"}],"author":[{"embeddable":true,"href":"https:\/\/haberbesiktas.tr\/index.php?rest_route=\/wp\/v2\/users\/1"}],"replies":[{"embeddable":true,"href":"https:\/\/haberbesiktas.tr\/index.php?rest_route=%2Fwp%2Fv2%2Fcomments&post=38300"}],"version-history":[{"count":1,"href":"https:\/\/haberbesiktas.tr\/index.php?rest_route=\/wp\/v2\/posts\/38300\/revisions"}],"predecessor-version":[{"id":38302,"href":"https:\/\/haberbesiktas.tr\/index.php?rest_route=\/wp\/v2\/posts\/38300\/revisions\/38302"}],"wp:featuredmedia":[{"embeddable":true,"href":"https:\/\/haberbesiktas.tr\/index.php?rest_route=\/wp\/v2\/media\/38301"}],"wp:attachment":[{"href":"https:\/\/haberbesiktas.tr\/index.php?rest_route=%2Fwp%2Fv2%2Fmedia&parent=38300"}],"wp:term":[{"taxonomy":"category","embeddable":true,"href":"https:\/\/haberbesiktas.tr\/index.php?rest_route=%2Fwp%2Fv2%2Fcategories&post=38300"},{"taxonomy":"post_tag","embeddable":true,"href":"https:\/\/haberbesiktas.tr\/index.php?rest_route=%2Fwp%2Fv2%2Ftags&post=38300"}],"curies":[{"name":"wp","href":"https:\/\/api.w.org\/{rel}","templated":true}]}}