{"id":38307,"date":"2025-06-16T18:12:20","date_gmt":"2025-06-16T18:12:20","guid":{"rendered":"https:\/\/haberbesiktas.tr\/?p=38307"},"modified":"2025-06-16T18:12:20","modified_gmt":"2025-06-16T18:12:20","slug":"besiktasa-23-milyonluk-forvet-alassane-plea","status":"publish","type":"post","link":"https:\/\/haberbesiktas.tr\/?p=38307","title":{"rendered":"Be\u015fikta\u015f&#8217;a 23 milyonluk forvet: Alassane Plea!"},"content":{"rendered":"<div>Ziraat T\u00fcrkiye Kupas\u0131 \u00c7eyrek Finali&#8217;nde alan\u0131nda G\u00f6ztepe&#8217;ye 3-1 ma\u011flup olmas\u0131 sonucu kupaya veda ederek b\u00fcy\u00fck bir hayal k\u0131r\u0131kl\u0131\u011f\u0131 ya\u015fayan Be\u015fikta\u015f, oda\u011f\u0131n\u0131 gelecek d\u00f6nemin transfer periyoduna \u00e7evirdi.\u00a0<\/p>\n<p><strong>&#8220;\u0130ST\u0130KRARLI B\u0130R YAPI KURMAK AMACIM&#8221;<\/strong><\/p>\n<p>Be\u015fikta\u015f&#8217;\u0131n \u00e7eyrek finalde G\u00f6ztepe ile oynad\u0131\u011f\u0131 ma\u00e7\u0131n akabinde teknik y\u00f6netici Ole Gunnar Solskjaer,<strong> &#8220;Benim hedefim istikrarl\u0131 bir yap\u0131 olu\u015fturmak. Ne istedi\u011fimizi biliyoruz. Pozitif \u015fekilde ligi bitirmek gayemiz. Tak\u0131m\u0131m\u0131zdaki oyunculara bakarak hangilerinin kalaca\u011f\u0131n\u0131, hangi durumlara yeni oyuncular al\u0131naca\u011f\u0131n\u0131n karar\u0131n\u0131 verece\u011fiz.<\/strong>&#8221; dedi.\u00a0<\/p>\n<p><span><strong>HEDEFTE PLEA VAR<\/strong><\/p>\n<p>Bu do\u011frultuda ilerleyen siyah-beyazl\u0131larda yeni d\u00f6nem forvet transferinde Alessane Plea ismi g\u00fcndeme geldi. Foot Mercato&#8217;da yer alan haberde siyah-beyazl\u0131lar\u0131n Ciro Immobile&#8217;nin yerine Frans\u0131z golc\u00fcy\u00fc d\u00fc\u015f\u00fcnd\u00fc\u011f\u00fc aktar\u0131ld\u0131.\u00a0<\/p>\n<p><strong>TAL\u0130PLER\u0130 VAR<\/strong><\/p>\n<p>Haberde, tecr\u00fcbeli golc\u00fcyle Fransa Ligue 1 ve Suudi Arabistan&#8217;dan ilgilenen gruplar\u0131n oldu\u011fu, Premier Lig&#8217;den Crystal Palace&#8217;\u0131n da bu transfere dahil olabilece\u011fi belirtildi.<br \/><\/span> <\/p>\n<div><strong>OYUNCUNUN PERFORMANSI<\/strong><\/p>\n<p>32 ya\u015f\u0131ndaki Plea M\u00f6nchengladbach bu d\u00f6nem 26 ma\u00e7a \u00e7\u0131karken 11 gol 7 asistlik performans g\u00f6sterdi.\u00a0Piyasa bedeli 6 milyon euro olan Alassane Plea&#8217;n\u0131n Alman tak\u0131m\u0131yla 2026 y\u0131l\u0131na kadar mukavelesi bulunuyor.<\/p><\/div>\n<\/div>\n","protected":false},"excerpt":{"rendered":"<p>Be\u015fikta\u015f&#8217;ta yeni d\u00f6nemin transfer \u00e7al\u0131\u015fmalar\u0131 s\u00fcr\u00fcyor. Siyah-beyazl\u0131lar\u0131n forvet s\u0131n\u0131r\u0131na yap\u0131lacak destek i\u00e7in Alassane Plea&#8217;yla ilgileniyor.<\/p>\n","protected":false},"author":1,"featured_media":38308,"comment_status":"open","ping_status":"open","sticky":false,"template":"","format":"standard","meta":{"footnotes":""},"categories":[25],"tags":[],"class_list":["post-38307","post","type-post","status-publish","format-standard","has-post-thumbnail","hentry","category-futbol"],"_links":{"self":[{"href":"https:\/\/haberbesiktas.tr\/index.php?rest_route=\/wp\/v2\/posts\/38307","targetHints":{"allow":["GET"]}}],"collection":[{"href":"https:\/\/haberbesiktas.tr\/index.php?rest_route=\/wp\/v2\/posts"}],"about":[{"href":"https:\/\/haberbesiktas.tr\/index.php?rest_route=\/wp\/v2\/types\/post"}],"author":[{"embeddable":true,"href":"https:\/\/haberbesiktas.tr\/index.php?rest_route=\/wp\/v2\/users\/1"}],"replies":[{"embeddable":true,"href":"https:\/\/haberbesiktas.tr\/index.php?rest_route=%2Fwp%2Fv2%2Fcomments&post=38307"}],"version-history":[{"count":1,"href":"https:\/\/haberbesiktas.tr\/index.php?rest_route=\/wp\/v2\/posts\/38307\/revisions"}],"predecessor-version":[{"id":38309,"href":"https:\/\/haberbesiktas.tr\/index.php?rest_route=\/wp\/v2\/posts\/38307\/revisions\/38309"}],"wp:featuredmedia":[{"embeddable":true,"href":"https:\/\/haberbesiktas.tr\/index.php?rest_route=\/wp\/v2\/media\/38308"}],"wp:attachment":[{"href":"https:\/\/haberbesiktas.tr\/index.php?rest_route=%2Fwp%2Fv2%2Fmedia&parent=38307"}],"wp:term":[{"taxonomy":"category","embeddable":true,"href":"https:\/\/haberbesiktas.tr\/index.php?rest_route=%2Fwp%2Fv2%2Fcategories&post=38307"},{"taxonomy":"post_tag","embeddable":true,"href":"https:\/\/haberbesiktas.tr\/index.php?rest_route=%2Fwp%2Fv2%2Ftags&post=38307"}],"curies":[{"name":"wp","href":"https:\/\/api.w.org\/{rel}","templated":true}]}}