{"id":38310,"date":"2025-06-16T18:24:10","date_gmt":"2025-06-16T18:24:10","guid":{"rendered":"https:\/\/haberbesiktas.tr\/?p=38310"},"modified":"2025-06-16T18:24:10","modified_gmt":"2025-06-16T18:24:10","slug":"manchester-cityde-bir-devir-sona-eriyor","status":"publish","type":"post","link":"https:\/\/haberbesiktas.tr\/?p=38310","title":{"rendered":"Manchester City&#8217;de bir devir sona eriyor"},"content":{"rendered":"<div>Premier Lig gruplar\u0131ndan Manchester City&#8217;de forma diyen Kevin de Bruyne, resmi hesab\u0131ndan yapt\u0131\u011f\u0131 a\u00e7\u0131klamayla d\u00f6nem sonunda kul\u00fcb\u00fcne veda edece\u011fini a\u00e7\u0131klad\u0131.<\/p>\n<p> <em><strong>Kevin de Bruyne&#8217;nin yapt\u0131\u011f\u0131 payla\u015f\u0131m \u015fu halde:<\/strong><\/em><\/p>\n<p> &#8220;Sevgili Manchester,<\/p>\n<p> Bunu g\u00f6r\u00fcnce muhtemelen mevzunun nereye gitti\u011fini anlam\u0131\u015fs\u0131n\u0131zd\u0131r. Bu y\u00fczden direkt hususa girece\u011fim ve hepinize bu aylar\u0131n Manchester City oyuncusu olarak son aylar\u0131m olaca\u011f\u0131n\u0131 bildirece\u011fim.<\/p>\n<p> Bunu yazmak kolay de\u011fil lakin futbolcular olarak hepimiz bu g\u00fcn\u00fcn eninde sonunda gelece\u011fini biliyoruz. \u0130\u015fte o g\u00fcn geldi ve bunu birinci benden duymay\u0131 hak ediyorsunuz. Futbol beni hepinize ve bu kente getirdi. Hayallerimin pe\u015finden ko\u015farken, bu periyodun hayat\u0131m\u0131 de\u011fi\u015ftirece\u011fini bilmiyordum. Bu kent. Bu kul\u00fcp. Bu be\u015ferler bana HER \u015eEY\u0130 verdi. Benim de her \u015feyi geri vermekten di\u011fer se\u00e7ene\u011fim yoktu! Ve bilin bakal\u0131m ne kazand\u0131k?<\/p>\n<p> G\u00fczelimize gitse de gitmese de veda etme vakti geldi. Suri, Rome, Mason, Michele ve ben buran\u0131n ailemiz i\u00e7in s\u00f6z etti\u011fi mana i\u00e7in minnettar\u0131z. &#8220;Manchester&#8221; sonsuza kadar \u00e7ocuklar\u0131m\u0131z\u0131n pasaportlar\u0131nda ve daha da k\u0131ymetlisi her birimizin kalbinde yer alacak. Buras\u0131 her vakit bizim KONUTUMUZ olacak.<\/p>\n<p> Bu 10 y\u0131ll\u0131k seyahat i\u00e7in kente, kul\u00fcbe, i\u015f\u00e7iye, grup arkada\u015flar\u0131m\u0131za, dostlar\u0131m\u0131za ve ailemize ne kadar te\u015fekk\u00fcr etsek azd\u0131r. Her \u00f6yk\u00fcn\u00fcn bir sonu vard\u0131r fakat bu katiyetle en g\u00fczel k\u0131s\u0131m oldu. Bu son anlar\u0131n tad\u0131n\u0131 birlikte \u00e7\u0131karal\u0131m.&#8221;<\/p>\n<p>https:\/\/twitter.com\/sporx\/status\/1908115954564747523<\/p>\n<\/p><\/div>\n","protected":false},"excerpt":{"rendered":"<p>Manchester City&#8217;nin y\u0131ld\u0131z on numaras\u0131 Kevin de Bruyne, d\u00f6nem sonunda ekipten ayr\u0131laca\u011f\u0131n\u0131 a\u00e7\u0131klad\u0131.<\/p>\n","protected":false},"author":1,"featured_media":38312,"comment_status":"open","ping_status":"open","sticky":false,"template":"","format":"standard","meta":{"footnotes":""},"categories":[25],"tags":[],"class_list":["post-38310","post","type-post","status-publish","format-standard","has-post-thumbnail","hentry","category-futbol"],"_links":{"self":[{"href":"https:\/\/haberbesiktas.tr\/index.php?rest_route=\/wp\/v2\/posts\/38310","targetHints":{"allow":["GET"]}}],"collection":[{"href":"https:\/\/haberbesiktas.tr\/index.php?rest_route=\/wp\/v2\/posts"}],"about":[{"href":"https:\/\/haberbesiktas.tr\/index.php?rest_route=\/wp\/v2\/types\/post"}],"author":[{"embeddable":true,"href":"https:\/\/haberbesiktas.tr\/index.php?rest_route=\/wp\/v2\/users\/1"}],"replies":[{"embeddable":true,"href":"https:\/\/haberbesiktas.tr\/index.php?rest_route=%2Fwp%2Fv2%2Fcomments&post=38310"}],"version-history":[{"count":1,"href":"https:\/\/haberbesiktas.tr\/index.php?rest_route=\/wp\/v2\/posts\/38310\/revisions"}],"predecessor-version":[{"id":38313,"href":"https:\/\/haberbesiktas.tr\/index.php?rest_route=\/wp\/v2\/posts\/38310\/revisions\/38313"}],"wp:featuredmedia":[{"embeddable":true,"href":"https:\/\/haberbesiktas.tr\/index.php?rest_route=\/wp\/v2\/media\/38312"}],"wp:attachment":[{"href":"https:\/\/haberbesiktas.tr\/index.php?rest_route=%2Fwp%2Fv2%2Fmedia&parent=38310"}],"wp:term":[{"taxonomy":"category","embeddable":true,"href":"https:\/\/haberbesiktas.tr\/index.php?rest_route=%2Fwp%2Fv2%2Fcategories&post=38310"},{"taxonomy":"post_tag","embeddable":true,"href":"https:\/\/haberbesiktas.tr\/index.php?rest_route=%2Fwp%2Fv2%2Ftags&post=38310"}],"curies":[{"name":"wp","href":"https:\/\/api.w.org\/{rel}","templated":true}]}}