{"id":38344,"date":"2025-06-16T20:36:06","date_gmt":"2025-06-16T20:36:06","guid":{"rendered":"https:\/\/haberbesiktas.tr\/?p=38344"},"modified":"2025-06-16T20:36:06","modified_gmt":"2025-06-16T20:36:06","slug":"milli-cimnastikci-sinan-cankurt-gumus-madalya-kazandi","status":"publish","type":"post","link":"https:\/\/haberbesiktas.tr\/?p=38344","title":{"rendered":"Milli cimnastik\u00e7i Sinan Cankurt, g\u00fcm\u00fc\u015f madalya kazand\u0131"},"content":{"rendered":"<p>\u0130talya&#8217;da d\u00fczenlenen 4. AERE Cup Cimnastik Turnuvas\u0131&#8217;nda gayret eden Trampolin Gen\u00e7ler Ulusal Ekip atleti Sinan Cankurt, k\u00fcrs\u00fcde yer ald\u0131.<\/p>\n<p> Bolu Gen\u00e7lik ve Spor Vilayet M\u00fcd\u00fcrl\u00fc\u011f\u00fcnden yap\u0131lan a\u00e7\u0131klamada, Riccione&#8217;deki turnuvada yar\u0131\u015fan Cankurt&#8217;un, 15-16 ya\u015f erkekler kategorisinde 51 bin 680 puanla ikincili\u011fi elde etti\u011fi belirtildi.<\/p>\n<p> Cankurt&#8217;un bu de\u011ferli muvaffakiyetle milletleraras\u0131 arenada T\u00fcrkiye&#8217;yi en uygun halde temsil etti\u011fi vurgulanan a\u00e7\u0131klamada, ulusal atletin gelecekteki \u015fampiyonluklar i\u00e7in de umut verdi\u011fi kaydedildi.<\/p>\n","protected":false},"excerpt":{"rendered":"<p>Ulusal cimnastik\u00e7i Sinan Cankurt, \u0130talya&#8217;da d\u00fczenlenen turnuvada g\u00fcm\u00fc\u015f madalya kazand\u0131.<\/p>\n","protected":false},"author":1,"featured_media":38345,"comment_status":"open","ping_status":"open","sticky":false,"template":"","format":"standard","meta":{"footnotes":""},"categories":[27],"tags":[],"class_list":["post-38344","post","type-post","status-publish","format-standard","has-post-thumbnail","hentry","category-guncel-haberler"],"_links":{"self":[{"href":"https:\/\/haberbesiktas.tr\/index.php?rest_route=\/wp\/v2\/posts\/38344","targetHints":{"allow":["GET"]}}],"collection":[{"href":"https:\/\/haberbesiktas.tr\/index.php?rest_route=\/wp\/v2\/posts"}],"about":[{"href":"https:\/\/haberbesiktas.tr\/index.php?rest_route=\/wp\/v2\/types\/post"}],"author":[{"embeddable":true,"href":"https:\/\/haberbesiktas.tr\/index.php?rest_route=\/wp\/v2\/users\/1"}],"replies":[{"embeddable":true,"href":"https:\/\/haberbesiktas.tr\/index.php?rest_route=%2Fwp%2Fv2%2Fcomments&post=38344"}],"version-history":[{"count":1,"href":"https:\/\/haberbesiktas.tr\/index.php?rest_route=\/wp\/v2\/posts\/38344\/revisions"}],"predecessor-version":[{"id":38346,"href":"https:\/\/haberbesiktas.tr\/index.php?rest_route=\/wp\/v2\/posts\/38344\/revisions\/38346"}],"wp:featuredmedia":[{"embeddable":true,"href":"https:\/\/haberbesiktas.tr\/index.php?rest_route=\/wp\/v2\/media\/38345"}],"wp:attachment":[{"href":"https:\/\/haberbesiktas.tr\/index.php?rest_route=%2Fwp%2Fv2%2Fmedia&parent=38344"}],"wp:term":[{"taxonomy":"category","embeddable":true,"href":"https:\/\/haberbesiktas.tr\/index.php?rest_route=%2Fwp%2Fv2%2Fcategories&post=38344"},{"taxonomy":"post_tag","embeddable":true,"href":"https:\/\/haberbesiktas.tr\/index.php?rest_route=%2Fwp%2Fv2%2Ftags&post=38344"}],"curies":[{"name":"wp","href":"https:\/\/api.w.org\/{rel}","templated":true}]}}