{"id":38366,"date":"2025-06-16T22:00:06","date_gmt":"2025-06-16T22:00:06","guid":{"rendered":"https:\/\/haberbesiktas.tr\/?p=38366"},"modified":"2025-06-16T22:00:06","modified_gmt":"2025-06-16T22:00:06","slug":"lewis-hamilton-iyi-bir-temelimiz-var","status":"publish","type":"post","link":"https:\/\/haberbesiktas.tr\/?p=38366","title":{"rendered":"Lewis Hamilton: &#8220;\u0130yi bir temelimiz var&#8221;"},"content":{"rendered":"<p>Lewis Hamilton, Japonya GP cuma idmanlar\u0131n\u0131n akabinde arac\u0131n durumunu k\u0131ymetlendirdi.<\/p>\n<p> Lewis Hamilton, Japonya GP&#8217;si ikinci idman\u0131n\u0131 d\u00f6rd\u00fcnc\u00fc s\u0131rada tamamlad\u0131ktan sonra Ferrari&#8217;nin \u015fimdi en s\u00fcratli kadro olmad\u0131\u011f\u0131n\u0131 ancak \u00e2l\u00e2 bir ba\u015flang\u0131\u00e7 yapt\u0131klar\u0131n\u0131 s\u00f6yledi.<\/p>\n<p> Suzuka pistinin kendisine yeterli hissettirdi\u011fini belirten Hamilton, g\u00fcn\u00fcn genel manada g\u00fcn\u00fcn verimli ge\u00e7ti\u011fini ve arac\u0131n potansiyelini ortaya \u00e7\u0131karma konusunda ger\u00e7ek yolda olduklar\u0131n\u0131 lisana getirdi.<\/p>\n<p> Hamilton, cuma g\u00fcn\u00fc seanslar\u0131n\u0131n akabinde \u015fu tabirleri kulland\u0131: &#8220;Ger\u00e7ekten ho\u015f bir g\u00fcnd\u00fc. Bu pist ola\u011fan\u00fcst\u00fc ve idmanlar genel manada uygun ge\u00e7ti.&#8221;<\/p>\n<p> &#8220;Bu piste her \u00e7\u0131kt\u0131\u011f\u0131n\u0131zda sizi etkilemeyi asla b\u0131rakm\u0131yor. \u00dcstelik bu hafta sonu burada inan\u0131lmaz bir kalabal\u0131k var. Ferrari&#8217;ye verilen takviye ise\u2026 Daha evvel hi\u00e7 bu t\u00fcrl\u00fc g\u00f6rmemi\u015ftim.&#8221;<\/p>\n<p> <span><strong>&#8220;Doohan&#8217;\u0131n 1. virajdaki kazas\u0131 biraz kayg\u0131 vericiydi, onun d\u00fczg\u00fcn oldu\u011funu g\u00f6rmek ho\u015f.&#8221;<\/strong><\/span><\/p>\n<p> <span><strong>&#8220;Pist epey r\u00fczg\u00e2rl\u0131yd\u0131, bilhassa Esses k\u0131sm\u0131nda kar\u015f\u0131dan esen r\u00fczg\u00e2r sizi zorlayabiliyor lakin genel olarak uygun hissettim.&#8221;<\/strong><\/span><\/p>\n<p> Hamilton, Ferrari&#8217;nin \u015fu anda en s\u00fcratli kadro olmad\u0131\u011f\u0131n\u0131 fakat geli\u015fim i\u00e7in yanl\u0131\u015fs\u0131z bir temel yakalad\u0131klar\u0131n\u0131 vurgulad\u0131: &#8220;T\u00fcm program\u0131m\u0131z\u0131 s\u0131k\u0131nt\u0131s\u0131z tamamlad\u0131k. H\u00e2l\u00e2 bulmam\u0131z gereken biraz performans var. \u015eu an en s\u00fcratli ekip de\u011filiz lakin elimizde d\u00fczg\u00fcn bir temel var ve bundan mutluyum.&#8221;<\/p>\n<p> (Kaynak:Motorsport)<\/p>\n","protected":false},"excerpt":{"rendered":"<p>Lewis Hamilton, Japonya GP cuma idmanlar\u0131 sonras\u0131 arac\u0131n\u0131n durumu hakk\u0131nda bilgi verdi.<\/p>\n","protected":false},"author":1,"featured_media":38367,"comment_status":"open","ping_status":"open","sticky":false,"template":"","format":"standard","meta":{"footnotes":""},"categories":[27],"tags":[1067],"class_list":["post-38366","post","type-post","status-publish","format-standard","has-post-thumbnail","hentry","category-guncel-haberler","tag-hamilton"],"_links":{"self":[{"href":"https:\/\/haberbesiktas.tr\/index.php?rest_route=\/wp\/v2\/posts\/38366","targetHints":{"allow":["GET"]}}],"collection":[{"href":"https:\/\/haberbesiktas.tr\/index.php?rest_route=\/wp\/v2\/posts"}],"about":[{"href":"https:\/\/haberbesiktas.tr\/index.php?rest_route=\/wp\/v2\/types\/post"}],"author":[{"embeddable":true,"href":"https:\/\/haberbesiktas.tr\/index.php?rest_route=\/wp\/v2\/users\/1"}],"replies":[{"embeddable":true,"href":"https:\/\/haberbesiktas.tr\/index.php?rest_route=%2Fwp%2Fv2%2Fcomments&post=38366"}],"version-history":[{"count":1,"href":"https:\/\/haberbesiktas.tr\/index.php?rest_route=\/wp\/v2\/posts\/38366\/revisions"}],"predecessor-version":[{"id":38368,"href":"https:\/\/haberbesiktas.tr\/index.php?rest_route=\/wp\/v2\/posts\/38366\/revisions\/38368"}],"wp:featuredmedia":[{"embeddable":true,"href":"https:\/\/haberbesiktas.tr\/index.php?rest_route=\/wp\/v2\/media\/38367"}],"wp:attachment":[{"href":"https:\/\/haberbesiktas.tr\/index.php?rest_route=%2Fwp%2Fv2%2Fmedia&parent=38366"}],"wp:term":[{"taxonomy":"category","embeddable":true,"href":"https:\/\/haberbesiktas.tr\/index.php?rest_route=%2Fwp%2Fv2%2Fcategories&post=38366"},{"taxonomy":"post_tag","embeddable":true,"href":"https:\/\/haberbesiktas.tr\/index.php?rest_route=%2Fwp%2Fv2%2Ftags&post=38366"}],"curies":[{"name":"wp","href":"https:\/\/api.w.org\/{rel}","templated":true}]}}