{"id":38393,"date":"2025-06-16T23:48:10","date_gmt":"2025-06-16T23:48:10","guid":{"rendered":"https:\/\/haberbesiktas.tr\/?p=38393"},"modified":"2025-06-16T23:48:10","modified_gmt":"2025-06-16T23:48:10","slug":"real-madrid-futbolcularina-verilen-cezalar-aciklandi","status":"publish","type":"post","link":"https:\/\/haberbesiktas.tr\/?p=38393","title":{"rendered":"Real Madrid futbolcular\u0131na verilen cezalar a\u00e7\u0131kland\u0131!"},"content":{"rendered":"<div>UEFA \u015eampiyonlar Ligi Son 16 \u00c7e\u015fidi ikinci ma\u00e7\u0131nda Real Madrid, Atletico Madrid ile kar\u015f\u0131la\u015fm\u0131\u015f ve penalt\u0131 at\u0131\u015flar\u0131 sonucunda bir \u00fcst cinse y\u00fckselen grup Real Madrid olmu\u015ftu.<\/p>\n<p>Atletico Madrid, Real Madrid oyuncular\u0131n\u0131n trib\u00fcnleri tahrik etti\u011fi gerek\u00e7esiyle UEFA&#8217;ya g\u00f6r\u00fcnt\u00fc kay\u0131tlar\u0131 g\u00f6ndermi\u015fti.<\/p>\n<div>UEFA Etik ve Disiplin M\u00fcfetti\u015fli\u011fi taraf\u0131ndan y\u00fcr\u00fct\u00fclen soru\u015fturma sonucunda Real Madrid oyuncular\u0131 Antonio R\u00fcdiger, Kylian Mbappe ve Dani Ceballos cezaya \u00e7arpt\u0131r\u0131ld\u0131.\u00a0<\/p>\n<p>A\u00e7\u0131klanan cezalar \u015fu halde:<\/p>\n<p><strong>Antonio R\u00fcdiger:<\/strong> 40.000 euro para cezas\u0131 ve 1 UEFA kul\u00fcp kar\u015f\u0131la\u015fmas\u0131ndan men (S\u00f6z konusu men cezas\u0131 \u00e7abucak uygulanmayacak, 1 y\u0131l i\u00e7inde uygulanacak)<\/p>\n<p><strong>Kylian Mbappe:<\/strong> 30.000 euro para cezas\u0131 ve\u00a01 UEFA kul\u00fcp kar\u015f\u0131la\u015fmas\u0131ndan men (S\u00f6z konusu men cezas\u0131 \u00e7abucak uygulanmayacak, 1 y\u0131l i\u00e7inde uygulanacak)<\/p>\n<p><strong>Dani Ceballos:<\/strong> 20.000 euro para cezas\u0131<\/p>\n<p><strong>GELECEK MA\u00c7TA OYNAYAB\u0130LECEKLER<\/strong><\/p>\n<p>\u015eampiyonlar Ligi \u00c7eyrek Final birinci ma\u00e7\u0131nda Arsenal ile Real Madrid \u0130ngiltere&#8217;de kar\u015f\u0131 kar\u015f\u0131ya gelecek. 8 Nisan&#8217;da oynanacak \u00e7abada R\u00fcdiger, Mbappe ve Ceballos forma giyebilecek.<\/p><\/div>\n<\/div>\n","protected":false},"excerpt":{"rendered":"<p>UEFA \u015eampiyonlar Ligi Son 16 Tipi ikinci ma\u00e7\u0131nda Atletico Madrid ile kar\u015f\u0131la\u015fan Real Madrid futbolcular\u0131na UEFA taraf\u0131ndan verilen cezalar a\u00e7\u0131kland\u0131.<\/p>\n","protected":false},"author":1,"featured_media":38394,"comment_status":"open","ping_status":"open","sticky":false,"template":"","format":"standard","meta":{"footnotes":""},"categories":[25],"tags":[364,806],"class_list":["post-38393","post","type-post","status-publish","format-standard","has-post-thumbnail","hentry","category-futbol","tag-real-madrid","tag-uefa"],"_links":{"self":[{"href":"https:\/\/haberbesiktas.tr\/index.php?rest_route=\/wp\/v2\/posts\/38393","targetHints":{"allow":["GET"]}}],"collection":[{"href":"https:\/\/haberbesiktas.tr\/index.php?rest_route=\/wp\/v2\/posts"}],"about":[{"href":"https:\/\/haberbesiktas.tr\/index.php?rest_route=\/wp\/v2\/types\/post"}],"author":[{"embeddable":true,"href":"https:\/\/haberbesiktas.tr\/index.php?rest_route=\/wp\/v2\/users\/1"}],"replies":[{"embeddable":true,"href":"https:\/\/haberbesiktas.tr\/index.php?rest_route=%2Fwp%2Fv2%2Fcomments&post=38393"}],"version-history":[{"count":1,"href":"https:\/\/haberbesiktas.tr\/index.php?rest_route=\/wp\/v2\/posts\/38393\/revisions"}],"predecessor-version":[{"id":38395,"href":"https:\/\/haberbesiktas.tr\/index.php?rest_route=\/wp\/v2\/posts\/38393\/revisions\/38395"}],"wp:featuredmedia":[{"embeddable":true,"href":"https:\/\/haberbesiktas.tr\/index.php?rest_route=\/wp\/v2\/media\/38394"}],"wp:attachment":[{"href":"https:\/\/haberbesiktas.tr\/index.php?rest_route=%2Fwp%2Fv2%2Fmedia&parent=38393"}],"wp:term":[{"taxonomy":"category","embeddable":true,"href":"https:\/\/haberbesiktas.tr\/index.php?rest_route=%2Fwp%2Fv2%2Fcategories&post=38393"},{"taxonomy":"post_tag","embeddable":true,"href":"https:\/\/haberbesiktas.tr\/index.php?rest_route=%2Fwp%2Fv2%2Ftags&post=38393"}],"curies":[{"name":"wp","href":"https:\/\/api.w.org\/{rel}","templated":true}]}}