{"id":38396,"date":"2025-06-17T00:00:09","date_gmt":"2025-06-17T00:00:09","guid":{"rendered":"https:\/\/haberbesiktas.tr\/?p=38396"},"modified":"2025-06-17T00:00:09","modified_gmt":"2025-06-17T00:00:09","slug":"ancelottiden-arda-guler-mesaji","status":"publish","type":"post","link":"https:\/\/haberbesiktas.tr\/?p=38396","title":{"rendered":"Ancelotti&#8217;den Arda G\u00fcler mesaj\u0131"},"content":{"rendered":"<div>Real Madrid Teknik Y\u00f6neticisi Carlo Ancelotti, ligde cumartesi g\u00fcn\u00fc Valencia ile oynayacaklar\u0131 ma\u00e7 \u00f6ncesi bas\u0131n toplant\u0131s\u0131nda a\u00e7\u0131klamalarda bulundu.<\/p>\n<p> Ancelotti, grubun gen\u00e7 futbolcular\u0131 Arda G\u00fcler ve Endrick&#8217;in Valencia kar\u015f\u0131s\u0131nda m\u00fcddet bulabilece\u011fini s\u00f6yledi.<\/p>\n<p> \u0130talyan teknik adam, <strong>&#8220;Arda G\u00fcler ve Endrick \u00e7ok d\u00fczg\u00fcn oynuyorlar. Valencia ma\u00e7\u0131nda m\u00fchlet alabilir ve d\u00f6nem sonuna ger\u00e7ek kadroda kilit rol alabilirler.&#8221;<\/strong> kelamlar\u0131n\u0131 sarf etti.<\/p>\n<p> Real Madrid&#8217;de bu d\u00f6nem 32 ma\u00e7ta m\u00fcddet bulan Arda G\u00fcler, 3 gol att\u0131 ve 7 asist yapt\u0131.<\/p>\n<\/div>\n","protected":false},"excerpt":{"rendered":"<p>Real Madrid Teknik Y\u00f6neticisi Carlo Ancelotti, Valencia ma\u00e7\u0131nda ulusal futbolcu Arda G\u00fcler&#8217;in m\u00fchlet alabilece\u011fini s\u00f6yledi.<\/p>\n","protected":false},"author":1,"featured_media":38397,"comment_status":"open","ping_status":"open","sticky":false,"template":"","format":"standard","meta":{"footnotes":""},"categories":[25],"tags":[],"class_list":["post-38396","post","type-post","status-publish","format-standard","has-post-thumbnail","hentry","category-futbol"],"_links":{"self":[{"href":"https:\/\/haberbesiktas.tr\/index.php?rest_route=\/wp\/v2\/posts\/38396","targetHints":{"allow":["GET"]}}],"collection":[{"href":"https:\/\/haberbesiktas.tr\/index.php?rest_route=\/wp\/v2\/posts"}],"about":[{"href":"https:\/\/haberbesiktas.tr\/index.php?rest_route=\/wp\/v2\/types\/post"}],"author":[{"embeddable":true,"href":"https:\/\/haberbesiktas.tr\/index.php?rest_route=\/wp\/v2\/users\/1"}],"replies":[{"embeddable":true,"href":"https:\/\/haberbesiktas.tr\/index.php?rest_route=%2Fwp%2Fv2%2Fcomments&post=38396"}],"version-history":[{"count":1,"href":"https:\/\/haberbesiktas.tr\/index.php?rest_route=\/wp\/v2\/posts\/38396\/revisions"}],"predecessor-version":[{"id":38398,"href":"https:\/\/haberbesiktas.tr\/index.php?rest_route=\/wp\/v2\/posts\/38396\/revisions\/38398"}],"wp:featuredmedia":[{"embeddable":true,"href":"https:\/\/haberbesiktas.tr\/index.php?rest_route=\/wp\/v2\/media\/38397"}],"wp:attachment":[{"href":"https:\/\/haberbesiktas.tr\/index.php?rest_route=%2Fwp%2Fv2%2Fmedia&parent=38396"}],"wp:term":[{"taxonomy":"category","embeddable":true,"href":"https:\/\/haberbesiktas.tr\/index.php?rest_route=%2Fwp%2Fv2%2Fcategories&post=38396"},{"taxonomy":"post_tag","embeddable":true,"href":"https:\/\/haberbesiktas.tr\/index.php?rest_route=%2Fwp%2Fv2%2Ftags&post=38396"}],"curies":[{"name":"wp","href":"https:\/\/api.w.org\/{rel}","templated":true}]}}