{"id":38447,"date":"2025-06-17T03:36:10","date_gmt":"2025-06-17T03:36:10","guid":{"rendered":"https:\/\/haberbesiktas.tr\/?p=38447"},"modified":"2025-06-17T03:36:10","modified_gmt":"2025-06-17T03:36:10","slug":"mesut-bakkal-mke-ankaragucunde-basarili-olacagina-inaniyor","status":"publish","type":"post","link":"https:\/\/haberbesiktas.tr\/?p=38447","title":{"rendered":"Mesut Bakkal, MKE Ankarag\u00fcc\u00fc&#8217;nde ba\u015far\u0131l\u0131 olaca\u011f\u0131na inan\u0131yor"},"content":{"rendered":"<div>Trendyol 1. Lig tak\u0131mlar\u0131ndan MKE Ankarag\u00fcc\u00fc&#8217;n\u00fcn yeni teknik y\u00f6neticisi Mesut Bakkal, kalan 7 haftay\u0131 d\u00fczg\u00fcn ge\u00e7irerek ba\u015far\u0131l\u0131 olacaklar\u0131na inand\u0131\u011f\u0131n\u0131 s\u00f6yledi.<\/p>\n<p> Be\u015ftepe Tesisleri&#8217;nde ger\u00e7ekle\u015ftirilen idman \u00f6ncesi bas\u0131n mensuplar\u0131na a\u00e7\u0131klamalarda bulunan Bakkal, \u015f\u00f6yle konu\u015ftu:<\/p>\n<p> &#8220;Burada olmaktan \u00e7ok memnunum. Kadroyla iki g\u00fcnd\u00fcr \u00e7al\u0131\u015f\u0131yoruz ancak topluluktan birisi \u00fczereyim. 2000 y\u0131l\u0131nda gelip UEFA Kupas\u0131&#8217;na gitmi\u015ftik. 2011&#8217;de Ankarag\u00fcc\u00fc&#8217;nde tekrar \u00e7al\u0131\u015f\u0131p kurtarm\u0131\u015ft\u0131k. Art\u0131k de nasip oldu, meskenime geldim. Gelirken de &#8216;Ne olur&#8217; diye de d\u00fc\u015f\u00fcnmedim. Vazge\u00e7emedi\u011fimiz bir topluluk, sevdi\u011fimiz bir taraftar k\u00fcmesi. Muvaffakiyet oldu\u011funda neler oldu\u011funu yeterli bilen birisiyim.&#8221;<\/p>\n<p> Birlik beraberlik vaktinden ge\u00e7tiklerini vurgulayan Bakkal, &#8220;Zor bir s\u00fcre\u00e7ten ge\u00e7iyoruz lakin g\u00fczel bir grubuz. \u0130n\u015fallah kalan s\u00fcre\u00e7te katk\u0131m olur, buna inan\u0131yorum. Kalan 7 haftay\u0131 uygun ge\u00e7mek istiyoruz. Evimizdeyiz ve buray\u0131 daha g\u00fczel hale getirmek bizim misyonumuz. Toplulu\u011fumuzdan 7 hafta boyunca bizimle birlikte olmalar\u0131n\u0131 bekliyoruz. Ba\u015flang\u0131c\u0131 da eski futbolcular\u0131m\u0131z sa\u011flad\u0131.&#8221; tabirlerini kulland\u0131.<\/p>\n<p> <strong>Derbi haz\u0131rl\u0131klar\u0131 s\u00fcrd\u00fc<\/strong><\/p>\n<p> MKE Ankarag\u00fcc\u00fc&#8217;nde hafta sonu Gen\u00e7lerbirli\u011fi&#8217;yle oynanacak derbi ma\u00e7\u0131n haz\u0131rl\u0131klar\u0131 da devam etti.<\/p>\n<p> Teknik y\u00f6netici Mesut Bakkal idaresinde bir k\u0131sm\u0131 bas\u0131na a\u00e7\u0131k ger\u00e7ekle\u015ftirilen idmanda, sar\u0131-lacivertli futbolcular \u0131s\u0131nma hareketlerinden sonra pas \u00e7al\u0131\u015fmas\u0131 yapt\u0131. \u0130dman\u0131n bas\u0131na kapal\u0131 k\u0131sm\u0131nda ise Bakkal&#8217;\u0131n \u00f6\u011frencilerine taktik \u00e7al\u0131\u015fma yapt\u0131rd\u0131\u011f\u0131 \u00f6\u011frenildi.<\/p>\n<p> Sar\u0131-lacivertlilerde sakatl\u0131klar\u0131 bulunan Mahmut Tekdemir ve kaleci Erta\u00e7 \u00d6zbir ekipten farkl\u0131 \u00e7al\u0131\u015ft\u0131.<\/p>\n<p> \u00d6te yandan Ankarag\u00fcc\u00fc&#8217;nde forma giyen eski futbolcular derbi \u00f6ncesi futbolculara moral vermeye geldi. Mesut Bakkal ile grup kaptanlar\u0131 Mahmut Tekdemir ve Osman \u00c7elik&#8217;le sohbet eden eski futbolcular, sar\u0131-lacivertli gruba olan itimatlar\u0131n\u0131 lisana getirdi.<\/p>\n<\/div>\n","protected":false},"excerpt":{"rendered":"<p>MKE Ankarag\u00fcc\u00fc&#8217;n\u00fcn yeni teknik y\u00f6neticisi Mesut Bakkal, maksatlar\u0131 hakk\u0131nda konu\u015ftu.<\/p>\n","protected":false},"author":1,"featured_media":38448,"comment_status":"open","ping_status":"open","sticky":false,"template":"","format":"standard","meta":{"footnotes":""},"categories":[25],"tags":[2981,2982],"class_list":["post-38447","post","type-post","status-publish","format-standard","has-post-thumbnail","hentry","category-futbol","tag-bakkal","tag-futbolcular"],"_links":{"self":[{"href":"https:\/\/haberbesiktas.tr\/index.php?rest_route=\/wp\/v2\/posts\/38447","targetHints":{"allow":["GET"]}}],"collection":[{"href":"https:\/\/haberbesiktas.tr\/index.php?rest_route=\/wp\/v2\/posts"}],"about":[{"href":"https:\/\/haberbesiktas.tr\/index.php?rest_route=\/wp\/v2\/types\/post"}],"author":[{"embeddable":true,"href":"https:\/\/haberbesiktas.tr\/index.php?rest_route=\/wp\/v2\/users\/1"}],"replies":[{"embeddable":true,"href":"https:\/\/haberbesiktas.tr\/index.php?rest_route=%2Fwp%2Fv2%2Fcomments&post=38447"}],"version-history":[{"count":1,"href":"https:\/\/haberbesiktas.tr\/index.php?rest_route=\/wp\/v2\/posts\/38447\/revisions"}],"predecessor-version":[{"id":38449,"href":"https:\/\/haberbesiktas.tr\/index.php?rest_route=\/wp\/v2\/posts\/38447\/revisions\/38449"}],"wp:featuredmedia":[{"embeddable":true,"href":"https:\/\/haberbesiktas.tr\/index.php?rest_route=\/wp\/v2\/media\/38448"}],"wp:attachment":[{"href":"https:\/\/haberbesiktas.tr\/index.php?rest_route=%2Fwp%2Fv2%2Fmedia&parent=38447"}],"wp:term":[{"taxonomy":"category","embeddable":true,"href":"https:\/\/haberbesiktas.tr\/index.php?rest_route=%2Fwp%2Fv2%2Fcategories&post=38447"},{"taxonomy":"post_tag","embeddable":true,"href":"https:\/\/haberbesiktas.tr\/index.php?rest_route=%2Fwp%2Fv2%2Ftags&post=38447"}],"curies":[{"name":"wp","href":"https:\/\/api.w.org\/{rel}","templated":true}]}}