{"id":38520,"date":"2025-06-17T08:24:16","date_gmt":"2025-06-17T08:24:16","guid":{"rendered":"https:\/\/haberbesiktas.tr\/?p=38520"},"modified":"2025-06-17T08:24:16","modified_gmt":"2025-06-17T08:24:16","slug":"servet-cetin-play-offu-hak-ediyoruz","status":"publish","type":"post","link":"https:\/\/haberbesiktas.tr\/?p=38520","title":{"rendered":"Servet \u00c7etin: &#8220;Play-off&#8217;u hak ediyoruz&#8221;"},"content":{"rendered":"<div>Trendyol 1. Lig&#8217;in 32. haftas\u0131nda Alag\u00f6z Holding I\u011fd\u0131r FK ile alan\u0131nda 0-0 berabere kalan Amed Sportif Faaliyetler&#8217;in teknik y\u00f6neticisi Servet \u00c7etin,&#8221;Oyuncu arkada\u015flar\u0131m\u0131 can\u0131g\u00f6n\u00fclden tebrik ediyorum. \u00c7ok \u00fcst\u00fcn bir oyun oynad\u0131lar fakat yaln\u0131zca sonuca yans\u0131tamad\u0131k.&#8221; dedi.<\/p>\n<p> Servet \u00c7etin, ma\u00e7\u0131n akabinde d\u00fczenlenen bas\u0131n toplant\u0131s\u0131nda, kar\u015f\u0131la\u015fmaya \u00e7ok \u00e2l\u00e2 ba\u015flad\u0131klar\u0131n\u0131 lakin gol bulamad\u0131klar\u0131n\u0131 s\u00f6yledi.<\/p>\n<p> Alag\u00f6z Holding I\u011fd\u0131r FK grubunun \u00e7ok g\u00fczel oldu\u011funu, yakla\u015f\u0131k 18 oyuncusunun S\u00fcper Lig tak\u0131m\u0131nda bulundu\u011funu belirten \u00c7etin, fizik\u00ee olarak birtak\u0131m b\u00f6lgelerde kendilerinden \u00fcst\u00fcn olmalar\u0131na kar\u015f\u0131n pas oyunuyla o \u00f6zelliklerini ellerinden ald\u0131klar\u0131n\u0131 s\u00f6z etti.<\/p>\n<p> Oyunu ikinci yar\u0131 ele ald\u0131klar\u0131n\u0131, rakibin kendilerini yaln\u0131zca savunmaya \u00e7al\u0131\u015ft\u0131\u011f\u0131n\u0131 anlatan \u00c7etin, \u015f\u00f6yle devam etti:<\/p>\n<p> &#8220;Genel olarak bakacak olursak inan\u0131lmaz bir performans, durumlar var fakat maalesef bu topu i\u00e7eri sokam\u0131yoruz. Bu da bize a\u011f\u0131r yaralar veriyor. Ola\u011fan ki bir puan da k\u0131ymetli lakin i\u00e7eride oldu\u011fu i\u00e7in \u00fcz\u00fcl\u00fcyoruz. Yenilmeyece\u011fiz, azam\u00ee puanlar\u0131 toplayaca\u011f\u0131z. \u0130n\u015fallah kendimizi play-off \u00e7izgisine ataca\u011f\u0131z. I\u011fd\u0131r grubu \u00e2l\u00e2 bir tak\u0131ma, kaliteli oyunculara sahip. Fark yaratacak oyuncular\u0131 var lakin bug\u00fcn oynad\u0131\u011f\u0131m\u0131z oyunla onlara \u00e7ok fazla savunma yapmad\u0131k, oyunla durdurduk. Oyuncu arkada\u015flar\u0131m\u0131 can\u0131g\u00f6n\u00fclden tebrik ediyorum. \u00c7ok \u00fcst\u00fcn bir oyun oynad\u0131lar lakin yaln\u0131zca sonuca yans\u0131tamad\u0131k. Son 6 ma\u00e7\u0131m\u0131z kald\u0131, g\u00fc\u00e7 rakiplere kar\u015f\u0131 oynayaca\u011f\u0131z ancak \u0130n\u015fallah bu 6 ma\u00e7ta da istedi\u011fimiz gayeye ula\u015f\u0131r\u0131z.&#8221;<\/p>\n<p> Play-off&#8217;a kalabilmek i\u00e7in \u00e7al\u0131\u015ft\u0131klar\u0131n\u0131 vurgulayan \u00c7etin, &#8220;Biz toplayabildi\u011fimiz kadar azam\u00ee puan\u0131 toplayaca\u011f\u0131z. \u015eahsi niyetim, bu oyuncu arkada\u015flar geldi\u011fimiz g\u00fcnden beri play-off&#8217;u hak ediyor. Gidemezsek \u00fcz\u00fcl\u00fcr\u00fcz lakin gidece\u011fiz Allah&#8217;\u0131n m\u00fcsaadesiyle.&#8221; de\u011ferlendirmesinde bulundu.<\/p>\n<p> \u00a0<\/p>\n<\/div>\n","protected":false},"excerpt":{"rendered":"<p>Trendyol 1. Lig&#8217;in 32. haftas\u0131nda Alag\u00f6z Holding I\u011fd\u0131r FK ile alan\u0131nda 0-0 berabere kalan Amed Sportif Faaliyetler&#8217;in teknik y\u00f6neticisi Servet \u00c7etin a\u00e7\u0131klamalarda bulundu.<\/p>\n","protected":false},"author":1,"featured_media":38521,"comment_status":"open","ping_status":"open","sticky":false,"template":"","format":"standard","meta":{"footnotes":""},"categories":[25],"tags":[918,43],"class_list":["post-38520","post","type-post","status-publish","format-standard","has-post-thumbnail","hentry","category-futbol","tag-cetin","tag-oyun"],"_links":{"self":[{"href":"https:\/\/haberbesiktas.tr\/index.php?rest_route=\/wp\/v2\/posts\/38520","targetHints":{"allow":["GET"]}}],"collection":[{"href":"https:\/\/haberbesiktas.tr\/index.php?rest_route=\/wp\/v2\/posts"}],"about":[{"href":"https:\/\/haberbesiktas.tr\/index.php?rest_route=\/wp\/v2\/types\/post"}],"author":[{"embeddable":true,"href":"https:\/\/haberbesiktas.tr\/index.php?rest_route=\/wp\/v2\/users\/1"}],"replies":[{"embeddable":true,"href":"https:\/\/haberbesiktas.tr\/index.php?rest_route=%2Fwp%2Fv2%2Fcomments&post=38520"}],"version-history":[{"count":1,"href":"https:\/\/haberbesiktas.tr\/index.php?rest_route=\/wp\/v2\/posts\/38520\/revisions"}],"predecessor-version":[{"id":38522,"href":"https:\/\/haberbesiktas.tr\/index.php?rest_route=\/wp\/v2\/posts\/38520\/revisions\/38522"}],"wp:featuredmedia":[{"embeddable":true,"href":"https:\/\/haberbesiktas.tr\/index.php?rest_route=\/wp\/v2\/media\/38521"}],"wp:attachment":[{"href":"https:\/\/haberbesiktas.tr\/index.php?rest_route=%2Fwp%2Fv2%2Fmedia&parent=38520"}],"wp:term":[{"taxonomy":"category","embeddable":true,"href":"https:\/\/haberbesiktas.tr\/index.php?rest_route=%2Fwp%2Fv2%2Fcategories&post=38520"},{"taxonomy":"post_tag","embeddable":true,"href":"https:\/\/haberbesiktas.tr\/index.php?rest_route=%2Fwp%2Fv2%2Ftags&post=38520"}],"curies":[{"name":"wp","href":"https:\/\/api.w.org\/{rel}","templated":true}]}}