{"id":38526,"date":"2025-06-17T08:48:12","date_gmt":"2025-06-17T08:48:12","guid":{"rendered":"https:\/\/haberbesiktas.tr\/?p=38526"},"modified":"2025-06-17T08:48:12","modified_gmt":"2025-06-17T08:48:12","slug":"jose-mourinho-sahnelenmis-bir-senaryoydu-unutalim","status":"publish","type":"post","link":"https:\/\/haberbesiktas.tr\/?p=38526","title":{"rendered":"Jose Mourinho: &#8220;Sahnelenmi\u015f bir senaryoydu, unutal\u0131m&#8221;"},"content":{"rendered":"<div>Fenerbah\u00e7e&#8217;de Trabzonspor ma\u00e7\u0131 haz\u0131rl\u0131klar\u0131 s\u00fcr\u00fcyor.\u00a0<\/p>\n<p>Teknik y\u00f6netici Jose Mourinho, yap\u0131lan taktik egzersizde oyuncular\u0131yla \u00f6zel g\u00f6r\u00fc\u015ferek bu ma\u00e7 i\u00e7in morallerini y\u00fcksek tutmalar\u0131n\u0131 istedi.\u00a0<\/p>\n<p>Kupada oynanan Galatasaray derbisini de pahaland\u0131ran Portekizli teknik adam, hezimetle ilgili \u00f6z tenkit yapt\u0131. Mourinho, teknik heyet olarak gerilen ortam\u0131 uygun y\u00f6netemediklerini s\u00f6yledi.<\/p>\n<p>Rakibin ortam\u0131 bile isteye gerdi\u011fini aktaran Mourinho, <strong>&#8220;T\u00fcm imgeler incelendi\u011finde, ger\u00e7ek tablo netle\u015fiyor. Ma\u00e7\u0131n kritik anlar\u0131nda itinayla haz\u0131rlanm\u0131\u015f bir senaryonun mod\u00fcl\u00fc h\u00e2line getirildik. As\u0131l sakin kalmam\u0131z gereken anlarda hislerimizin esiri olduk.&#8221;<\/strong> tabirlerini kulland\u0131.<\/p>\n<p><strong>&#8220;\u0130NANCIMI KAYBETMED\u0130M&#8221;<\/strong><\/p>\n<p>Ligdeki \u015fampiyonluk yar\u0131\u015f\u0131 hakk\u0131nda konu\u015fan teknik adam, <strong>&#8220;T\u00fcm ma\u00e7lar\u0131m\u0131z\u0131 kazanarak \u015fampiyon olma talihimiz hala var. Ben inanc\u0131m\u0131 kaybetmedim. Ele ele verece\u011fiz, daha fazla fedakarl\u0131kta bulunaca\u011f\u0131z ve g\u00fclen taraf biz olaca\u011f\u0131z.&#8221;<\/strong> kelamlar\u0131n\u0131 sarf etti.\u00a0 <\/p>\n<div>\u00a0<\/div>\n<\/div>\n","protected":false},"excerpt":{"rendered":"<p>Trabzonspor ma\u00e7\u0131 \u00f6ncesi yap\u0131lan taktik egzersizde oyuncular\u0131yla g\u00f6r\u00fc\u015fen Jose Mourinho, hem Galatasaray&#8217;\u0131 hem de kendini ele\u015ftirdi.<\/p>\n","protected":false},"author":1,"featured_media":38527,"comment_status":"open","ping_status":"open","sticky":false,"template":"","format":"standard","meta":{"footnotes":""},"categories":[25],"tags":[],"class_list":["post-38526","post","type-post","status-publish","format-standard","has-post-thumbnail","hentry","category-futbol"],"_links":{"self":[{"href":"https:\/\/haberbesiktas.tr\/index.php?rest_route=\/wp\/v2\/posts\/38526","targetHints":{"allow":["GET"]}}],"collection":[{"href":"https:\/\/haberbesiktas.tr\/index.php?rest_route=\/wp\/v2\/posts"}],"about":[{"href":"https:\/\/haberbesiktas.tr\/index.php?rest_route=\/wp\/v2\/types\/post"}],"author":[{"embeddable":true,"href":"https:\/\/haberbesiktas.tr\/index.php?rest_route=\/wp\/v2\/users\/1"}],"replies":[{"embeddable":true,"href":"https:\/\/haberbesiktas.tr\/index.php?rest_route=%2Fwp%2Fv2%2Fcomments&post=38526"}],"version-history":[{"count":1,"href":"https:\/\/haberbesiktas.tr\/index.php?rest_route=\/wp\/v2\/posts\/38526\/revisions"}],"predecessor-version":[{"id":38528,"href":"https:\/\/haberbesiktas.tr\/index.php?rest_route=\/wp\/v2\/posts\/38526\/revisions\/38528"}],"wp:featuredmedia":[{"embeddable":true,"href":"https:\/\/haberbesiktas.tr\/index.php?rest_route=\/wp\/v2\/media\/38527"}],"wp:attachment":[{"href":"https:\/\/haberbesiktas.tr\/index.php?rest_route=%2Fwp%2Fv2%2Fmedia&parent=38526"}],"wp:term":[{"taxonomy":"category","embeddable":true,"href":"https:\/\/haberbesiktas.tr\/index.php?rest_route=%2Fwp%2Fv2%2Fcategories&post=38526"},{"taxonomy":"post_tag","embeddable":true,"href":"https:\/\/haberbesiktas.tr\/index.php?rest_route=%2Fwp%2Fv2%2Ftags&post=38526"}],"curies":[{"name":"wp","href":"https:\/\/api.w.org\/{rel}","templated":true}]}}