{"id":38529,"date":"2025-06-17T09:00:11","date_gmt":"2025-06-17T09:00:11","guid":{"rendered":"https:\/\/haberbesiktas.tr\/?p=38529"},"modified":"2025-06-17T09:00:11","modified_gmt":"2025-06-17T09:00:11","slug":"fenerbahce-sil-bastan","status":"publish","type":"post","link":"https:\/\/haberbesiktas.tr\/?p=38529","title":{"rendered":"Fenerbah\u00e7e sil ba\u015ftan"},"content":{"rendered":"<div>Trendyol \u00dcst\u00fcn Lig&#8217;in 30. haftas\u0131nda Fenerbah\u00e7e ile Trabzonspor kar\u015f\u0131la\u015facak. Pazar g\u00fcn\u00fc oynanacak u\u011fra\u015f \u00f6ncesi kadrolar\u0131n nas\u0131l 11 ile alana \u00e7\u0131kaca\u011f\u0131 merakla bekleniyor.\u00a0<\/p>\n<p>Fenerbah\u00e7e Teknik Y\u00f6neticisi Jose Mourinho&#8217;nun, Trabzonspor ma\u00e7\u0131 \u00f6ncesi tak\u0131mda esasl\u0131 bir de\u011fi\u015fiklik yapmas\u0131 bekleniyor.\u00a0<\/p>\n<p>Galatasaray derbisinde oynanan futboldan hi\u00e7 \u015fad olmayan Portekizli teknik adam\u0131n, birinci 11&#8217;de en az 4 farkl\u0131 oyuncuyla ba\u015flamas\u0131 beklenen.<\/p>\n<p><strong>AMRABAT KUL\u00dcBEYE<\/strong><\/p>\n<p>Galatasaray derbisindeki performans\u0131 ile birinci olarak Amrabat&#8217;\u0131n \u00fcst\u00fcn\u00fc \u00e7izen Mourinho&#8217;nun Trabzonspor ma\u00e7\u0131nda orta saha tandemini Fred-Szymanski ile kurgulamas\u0131 bekleniyor.\u00a0<\/p>\n<p><strong>\u00d6ZLENEN \u0130K\u0130L\u0130<\/strong><\/p>\n<p>En-Nesyri&#8217;nin Taliscal\u0131 sistemde aktifli\u011finin hayli d\u00fc\u015ft\u00fc\u011f\u00fcn\u00fc g\u00f6zlemleyen Mourinho, En-Nesyri-Dzeko ikilisini bir daha bozmay\u0131 d\u00fc\u015f\u00fcnm\u00fcyor. Talisca&#8217;n\u0131n verilen bahtlar\u0131 yeterli de\u011ferlendiremedi\u011fini d\u00fc\u015f\u00fcnen Portekizli teknik adam\u0131n ma\u00e7a Tadic ile ba\u015flamas\u0131 m\u00fcmk\u00fcn.<\/p>\n<p><strong>LIVA KALEYE\u00a0<\/strong><br \/>\u00a0<br \/>\u0130rfan Can E\u011fribayat yerine de Livakovic&#8217;in kaleye ge\u00e7me ihtimali, Trabzonspor ma\u00e7\u0131 \u00f6zelinde y\u00fcksek olarak g\u00f6r\u00fcl\u00fcyor.\u00a0 <\/p>\n<div>\u00a0<\/div>\n<\/div>\n","protected":false},"excerpt":{"rendered":"<p>Jose Mourinho, Galatasaray derbisinde makus oynayan 11 yerine esasl\u0131 bir de\u011fi\u015fiklik yapmay\u0131 planl\u0131yor.<\/p>\n","protected":false},"author":1,"featured_media":38530,"comment_status":"open","ping_status":"open","sticky":false,"template":"","format":"standard","meta":{"footnotes":""},"categories":[25],"tags":[],"class_list":["post-38529","post","type-post","status-publish","format-standard","has-post-thumbnail","hentry","category-futbol"],"_links":{"self":[{"href":"https:\/\/haberbesiktas.tr\/index.php?rest_route=\/wp\/v2\/posts\/38529","targetHints":{"allow":["GET"]}}],"collection":[{"href":"https:\/\/haberbesiktas.tr\/index.php?rest_route=\/wp\/v2\/posts"}],"about":[{"href":"https:\/\/haberbesiktas.tr\/index.php?rest_route=\/wp\/v2\/types\/post"}],"author":[{"embeddable":true,"href":"https:\/\/haberbesiktas.tr\/index.php?rest_route=\/wp\/v2\/users\/1"}],"replies":[{"embeddable":true,"href":"https:\/\/haberbesiktas.tr\/index.php?rest_route=%2Fwp%2Fv2%2Fcomments&post=38529"}],"version-history":[{"count":1,"href":"https:\/\/haberbesiktas.tr\/index.php?rest_route=\/wp\/v2\/posts\/38529\/revisions"}],"predecessor-version":[{"id":38531,"href":"https:\/\/haberbesiktas.tr\/index.php?rest_route=\/wp\/v2\/posts\/38529\/revisions\/38531"}],"wp:featuredmedia":[{"embeddable":true,"href":"https:\/\/haberbesiktas.tr\/index.php?rest_route=\/wp\/v2\/media\/38530"}],"wp:attachment":[{"href":"https:\/\/haberbesiktas.tr\/index.php?rest_route=%2Fwp%2Fv2%2Fmedia&parent=38529"}],"wp:term":[{"taxonomy":"category","embeddable":true,"href":"https:\/\/haberbesiktas.tr\/index.php?rest_route=%2Fwp%2Fv2%2Fcategories&post=38529"},{"taxonomy":"post_tag","embeddable":true,"href":"https:\/\/haberbesiktas.tr\/index.php?rest_route=%2Fwp%2Fv2%2Ftags&post=38529"}],"curies":[{"name":"wp","href":"https:\/\/api.w.org\/{rel}","templated":true}]}}