{"id":38532,"date":"2025-06-17T09:12:13","date_gmt":"2025-06-17T09:12:13","guid":{"rendered":"https:\/\/haberbesiktas.tr\/?p=38532"},"modified":"2025-06-17T09:12:13","modified_gmt":"2025-06-17T09:12:13","slug":"fenerbahcede-cenk-tosun-cikmazi","status":"publish","type":"post","link":"https:\/\/haberbesiktas.tr\/?p=38532","title":{"rendered":"Fenerbah\u00e7e&#8217;de Cenk Tosun \u00e7\u0131kmaz\u0131"},"content":{"rendered":"<div>Fenerbah\u00e7e&#8217;de istedi\u011fi m\u00fcddetleri bulmakta zorlanan Cenk Tosun&#8217;un Fenerbah\u00e7e mesle\u011fi bekledi\u011fi \u00fczere ge\u00e7miyor<\/p>\n<p>Japon tak\u0131m\u0131 Urawa Red Diamonds ile anla\u015fan ancak Mourinho&#8217;nun istemesi \u00fczerine ekipte kalan deneyimli santrfor, Bodrum FK ma\u00e7\u0131nda m\u00fchlet bulmad\u0131, Galatasaray derbisinde tak\u0131ma dahi al\u0131nmad\u0131.\u00a0<\/p>\n<p><strong>PERFORMANSI<\/strong><\/p>\n<p>Bu d\u00f6nem 17 ma\u00e7ta 283 dakika m\u00fchlet bulabilen Cenk Tosun, 2 gol ve 1 asistlik performans sergiledi.\u00a0 <\/p>\n<div>\u00a0<\/div>\n<\/div>\n","protected":false},"excerpt":{"rendered":"<p>D\u00f6nem ba\u015f\u0131nda Fenerbah\u00e7e&#8217;ye transfer olan Cenk Tosun, sar\u0131-lacivertli formayla bekledi\u011fi m\u00fcddetleri bulamad\u0131. Japonya tak\u0131m\u0131 Urawa Red Diamonds ile anla\u015fan santrforu Mourinho kalmas\u0131 i\u00e7in ikna etmi\u015fti.<\/p>\n","protected":false},"author":1,"featured_media":38533,"comment_status":"open","ping_status":"open","sticky":false,"template":"","format":"standard","meta":{"footnotes":""},"categories":[25],"tags":[],"class_list":["post-38532","post","type-post","status-publish","format-standard","has-post-thumbnail","hentry","category-futbol"],"_links":{"self":[{"href":"https:\/\/haberbesiktas.tr\/index.php?rest_route=\/wp\/v2\/posts\/38532","targetHints":{"allow":["GET"]}}],"collection":[{"href":"https:\/\/haberbesiktas.tr\/index.php?rest_route=\/wp\/v2\/posts"}],"about":[{"href":"https:\/\/haberbesiktas.tr\/index.php?rest_route=\/wp\/v2\/types\/post"}],"author":[{"embeddable":true,"href":"https:\/\/haberbesiktas.tr\/index.php?rest_route=\/wp\/v2\/users\/1"}],"replies":[{"embeddable":true,"href":"https:\/\/haberbesiktas.tr\/index.php?rest_route=%2Fwp%2Fv2%2Fcomments&post=38532"}],"version-history":[{"count":1,"href":"https:\/\/haberbesiktas.tr\/index.php?rest_route=\/wp\/v2\/posts\/38532\/revisions"}],"predecessor-version":[{"id":38534,"href":"https:\/\/haberbesiktas.tr\/index.php?rest_route=\/wp\/v2\/posts\/38532\/revisions\/38534"}],"wp:featuredmedia":[{"embeddable":true,"href":"https:\/\/haberbesiktas.tr\/index.php?rest_route=\/wp\/v2\/media\/38533"}],"wp:attachment":[{"href":"https:\/\/haberbesiktas.tr\/index.php?rest_route=%2Fwp%2Fv2%2Fmedia&parent=38532"}],"wp:term":[{"taxonomy":"category","embeddable":true,"href":"https:\/\/haberbesiktas.tr\/index.php?rest_route=%2Fwp%2Fv2%2Fcategories&post=38532"},{"taxonomy":"post_tag","embeddable":true,"href":"https:\/\/haberbesiktas.tr\/index.php?rest_route=%2Fwp%2Fv2%2Ftags&post=38532"}],"curies":[{"name":"wp","href":"https:\/\/api.w.org\/{rel}","templated":true}]}}