{"id":38553,"date":"2025-06-17T10:36:15","date_gmt":"2025-06-17T10:36:15","guid":{"rendered":"https:\/\/haberbesiktas.tr\/?p=38553"},"modified":"2025-06-17T10:36:15","modified_gmt":"2025-06-17T10:36:15","slug":"gedson-fernandesin-akli-milli-takimda","status":"publish","type":"post","link":"https:\/\/haberbesiktas.tr\/?p=38553","title":{"rendered":"Gedson Fernandes&#8217;in akl\u0131 milli tak\u0131mda!"},"content":{"rendered":"<div>\n<p>Be\u015fikta\u015f&#8217;\u0131n Portekizli orta saha oyuncusu Gedson Fernandes yeni kontrat konusunda mutabakata vard\u0131.<\/p>\n<p> Yeni s\u00f6zle\u015fmesiyle S\u00fcper Lig&#8217;de en uzun kontrata sahip oyuncu olan Gedson Fernandes&#8217;in maa\u015f\u0131nda da art\u0131\u015f yap\u0131ld\u0131.<\/p>\n<p> Gedson, Portekiz&#8217;in bir\u00e7ok gen\u00e7 ya\u015f kadrosunda forma giymi\u015f, A Ulusal olarak da 2 kere misyon yapm\u0131\u015ft\u0131.<\/p>\n<p> 26 ya\u015f\u0131ndaki oyuncusu yine Ulusal formay\u0131 giymek i\u00e7in Portekiz Ulusal Ekibi Teknik Y\u00f6neticisi Roberto Martinez&#8217;dan davet bekliyor.<\/p>\n<p> <strong>PERFORMANSI<\/strong><\/p>\n<p> Bu d\u00f6nem 41 ma\u00e7ta 9 gol ve 2 asistlik katk\u0131 sa\u011flad\u0131.\u00a0<\/p>\n<div>\u00a0<\/div>\n<\/div>\n","protected":false},"excerpt":{"rendered":"<p>Gedson Fernandes, Be\u015fikta\u015f&#8217;la yeni mukaveleye imza atarken, Portekiz Ulusal Grubu&#8217;na d\u00f6n\u00fc\u015f i\u00e7in Roberto Martinez&#8217;den davet bekliyor.<\/p>\n","protected":false},"author":1,"featured_media":38554,"comment_status":"open","ping_status":"open","sticky":false,"template":"","format":"standard","meta":{"footnotes":""},"categories":[25],"tags":[],"class_list":["post-38553","post","type-post","status-publish","format-standard","has-post-thumbnail","hentry","category-futbol"],"_links":{"self":[{"href":"https:\/\/haberbesiktas.tr\/index.php?rest_route=\/wp\/v2\/posts\/38553","targetHints":{"allow":["GET"]}}],"collection":[{"href":"https:\/\/haberbesiktas.tr\/index.php?rest_route=\/wp\/v2\/posts"}],"about":[{"href":"https:\/\/haberbesiktas.tr\/index.php?rest_route=\/wp\/v2\/types\/post"}],"author":[{"embeddable":true,"href":"https:\/\/haberbesiktas.tr\/index.php?rest_route=\/wp\/v2\/users\/1"}],"replies":[{"embeddable":true,"href":"https:\/\/haberbesiktas.tr\/index.php?rest_route=%2Fwp%2Fv2%2Fcomments&post=38553"}],"version-history":[{"count":1,"href":"https:\/\/haberbesiktas.tr\/index.php?rest_route=\/wp\/v2\/posts\/38553\/revisions"}],"predecessor-version":[{"id":38555,"href":"https:\/\/haberbesiktas.tr\/index.php?rest_route=\/wp\/v2\/posts\/38553\/revisions\/38555"}],"wp:featuredmedia":[{"embeddable":true,"href":"https:\/\/haberbesiktas.tr\/index.php?rest_route=\/wp\/v2\/media\/38554"}],"wp:attachment":[{"href":"https:\/\/haberbesiktas.tr\/index.php?rest_route=%2Fwp%2Fv2%2Fmedia&parent=38553"}],"wp:term":[{"taxonomy":"category","embeddable":true,"href":"https:\/\/haberbesiktas.tr\/index.php?rest_route=%2Fwp%2Fv2%2Fcategories&post=38553"},{"taxonomy":"post_tag","embeddable":true,"href":"https:\/\/haberbesiktas.tr\/index.php?rest_route=%2Fwp%2Fv2%2Ftags&post=38553"}],"curies":[{"name":"wp","href":"https:\/\/api.w.org\/{rel}","templated":true}]}}