{"id":38556,"date":"2025-06-17T10:48:09","date_gmt":"2025-06-17T10:48:09","guid":{"rendered":"https:\/\/haberbesiktas.tr\/?p=38556"},"modified":"2025-06-17T10:48:09","modified_gmt":"2025-06-17T10:48:09","slug":"zajc-fenerbahceye-donuyor","status":"publish","type":"post","link":"https:\/\/haberbesiktas.tr\/?p=38556","title":{"rendered":"Zajc Fenerbah\u00e7e&#8217;ye d\u00f6n\u00fcyor!"},"content":{"rendered":"<div>Sezon ba\u015f\u0131nda Fransa Ligue 1 grubu Toulouse&#8217;a kiralanan Miha Zajc, yeni d\u00f6nemde Toulouse tak\u0131m\u0131nda d\u00fc\u015f\u00fcn\u00fclm\u00fcyor.\u00a0<\/p>\n<p>Fransa&#8217;da istenileni veremeyen Sloven oyuncu, d\u00f6nem sonunda Fenerbah\u00e7e&#8217;ye d\u00f6necek.\u00a0<\/p>\n<p><strong>PERFORMANSI<\/strong><\/p>\n<p>Toulouse ise 20 ma\u00e7a \u00e7\u0131kan 30 ya\u015f\u0131ndaki futbolcu, 445 dakika m\u00fcddet alabildi ve skor katk\u0131s\u0131 \u00fcretemedi.\u00a0<\/p>\n<p><strong>1 YIL DAHA KONTRATI VAR<\/strong><\/p>\n<p>Fenerbah\u00e7e, 2023 yaz transfer devrinde Miha Zajc&#8217;\u0131n kontrat\u0131n\u0131 \u00fc\u00e7 sene daha uzatm\u0131\u015ft\u0131.<\/p><\/div>\n","protected":false},"excerpt":{"rendered":"<p>D\u00f6nem ba\u015f\u0131nda Fenerbah\u00e7e&#8217;den Miha Zajc&#8217;\u0131 kiralayan Toulouse, Sloven oyuncuyu yeni d\u00f6nemde ekipte d\u00fc\u015f\u00fcnm\u00fcyor.<\/p>\n","protected":false},"author":1,"featured_media":38557,"comment_status":"open","ping_status":"open","sticky":false,"template":"","format":"standard","meta":{"footnotes":""},"categories":[25],"tags":[],"class_list":["post-38556","post","type-post","status-publish","format-standard","has-post-thumbnail","hentry","category-futbol"],"_links":{"self":[{"href":"https:\/\/haberbesiktas.tr\/index.php?rest_route=\/wp\/v2\/posts\/38556","targetHints":{"allow":["GET"]}}],"collection":[{"href":"https:\/\/haberbesiktas.tr\/index.php?rest_route=\/wp\/v2\/posts"}],"about":[{"href":"https:\/\/haberbesiktas.tr\/index.php?rest_route=\/wp\/v2\/types\/post"}],"author":[{"embeddable":true,"href":"https:\/\/haberbesiktas.tr\/index.php?rest_route=\/wp\/v2\/users\/1"}],"replies":[{"embeddable":true,"href":"https:\/\/haberbesiktas.tr\/index.php?rest_route=%2Fwp%2Fv2%2Fcomments&post=38556"}],"version-history":[{"count":1,"href":"https:\/\/haberbesiktas.tr\/index.php?rest_route=\/wp\/v2\/posts\/38556\/revisions"}],"predecessor-version":[{"id":38558,"href":"https:\/\/haberbesiktas.tr\/index.php?rest_route=\/wp\/v2\/posts\/38556\/revisions\/38558"}],"wp:featuredmedia":[{"embeddable":true,"href":"https:\/\/haberbesiktas.tr\/index.php?rest_route=\/wp\/v2\/media\/38557"}],"wp:attachment":[{"href":"https:\/\/haberbesiktas.tr\/index.php?rest_route=%2Fwp%2Fv2%2Fmedia&parent=38556"}],"wp:term":[{"taxonomy":"category","embeddable":true,"href":"https:\/\/haberbesiktas.tr\/index.php?rest_route=%2Fwp%2Fv2%2Fcategories&post=38556"},{"taxonomy":"post_tag","embeddable":true,"href":"https:\/\/haberbesiktas.tr\/index.php?rest_route=%2Fwp%2Fv2%2Ftags&post=38556"}],"curies":[{"name":"wp","href":"https:\/\/api.w.org\/{rel}","templated":true}]}}