{"id":38559,"date":"2025-06-17T11:00:12","date_gmt":"2025-06-17T11:00:12","guid":{"rendered":"https:\/\/haberbesiktas.tr\/?p=38559"},"modified":"2025-06-17T11:00:12","modified_gmt":"2025-06-17T11:00:12","slug":"besiktasta-transfer-gelismesi-ngolo-kante","status":"publish","type":"post","link":"https:\/\/haberbesiktas.tr\/?p=38559","title":{"rendered":"Be\u015fikta\u015f&#8217;ta transfer geli\u015fmesi: N&#8217;Golo Kante"},"content":{"rendered":"<div>\n<p>Be\u015fikta\u015f, d\u00f6nem sonu transfer \u00e7al\u0131\u015fmalar\u0131na t\u00fcm s\u00fcratiyle devam ediyor.<\/p>\n<p> Siyah beyazl\u0131lar, Al-Ittihad formas\u0131 giyen Frans\u0131z y\u0131ld\u0131z N&#8217;Golo Kante ile ilgileniyor.<\/p>\n<p><strong>SOLSKJAER \u0130LE G\u00d6R\u00dc\u015eT\u00dc<\/strong><\/p>\n<p> Suudi Arabistan&#8217;dan ayr\u0131lmak isteyen Frans\u0131z oyuncunun teknik y\u00f6netici Ole Gunnar Solskjaer ile \u015fahsen g\u00f6r\u00fc\u015ft\u00fc\u011f\u00fc bildirildi.<\/p>\n<p> <strong>AVRUPA&#8217;YA D\u00d6NMEK \u0130ST\u0130YOR<\/strong><\/p>\n<p> Mail Sport&#8217;un haberine nazaran Suudi Arabistan tak\u0131m\u0131nda \u00e7ok y\u00fcksek bir maa\u015f alan 1.68 uzunlu\u011fundaki futbolcunun, tekrar Avrupa&#8217;ya d\u00f6nmek i\u00e7in bu paradan vazge\u00e7meye haz\u0131r oldu\u011fu belirtildi. 33 ya\u015f\u0131ndaki \u00f6n liberonun s\u00f6zle\u015fmesi 30 Haziran 2026&#8217;da sona eriyor.<\/p>\n<p> <strong>PERFORMANSI<\/strong><\/p>\n<p> Bu d\u00f6nem Al Ittihad formas\u0131yla 25 ma\u00e7ta misyon alan deneyimli oyuncu 3 gol 3 asistlik performans sergiledi.<\/p>\n<div>\u00a0<\/div>\n<\/div>\n","protected":false},"excerpt":{"rendered":"<p>Be\u015fikta\u015f, Al-Ittihad formas\u0131 giyen Frans\u0131z y\u0131ld\u0131z N&#8217;Golo Kante ile ilgileniyor.<\/p>\n","protected":false},"author":1,"featured_media":38560,"comment_status":"open","ping_status":"open","sticky":false,"template":"","format":"standard","meta":{"footnotes":""},"categories":[25],"tags":[],"class_list":["post-38559","post","type-post","status-publish","format-standard","has-post-thumbnail","hentry","category-futbol"],"_links":{"self":[{"href":"https:\/\/haberbesiktas.tr\/index.php?rest_route=\/wp\/v2\/posts\/38559","targetHints":{"allow":["GET"]}}],"collection":[{"href":"https:\/\/haberbesiktas.tr\/index.php?rest_route=\/wp\/v2\/posts"}],"about":[{"href":"https:\/\/haberbesiktas.tr\/index.php?rest_route=\/wp\/v2\/types\/post"}],"author":[{"embeddable":true,"href":"https:\/\/haberbesiktas.tr\/index.php?rest_route=\/wp\/v2\/users\/1"}],"replies":[{"embeddable":true,"href":"https:\/\/haberbesiktas.tr\/index.php?rest_route=%2Fwp%2Fv2%2Fcomments&post=38559"}],"version-history":[{"count":1,"href":"https:\/\/haberbesiktas.tr\/index.php?rest_route=\/wp\/v2\/posts\/38559\/revisions"}],"predecessor-version":[{"id":38561,"href":"https:\/\/haberbesiktas.tr\/index.php?rest_route=\/wp\/v2\/posts\/38559\/revisions\/38561"}],"wp:featuredmedia":[{"embeddable":true,"href":"https:\/\/haberbesiktas.tr\/index.php?rest_route=\/wp\/v2\/media\/38560"}],"wp:attachment":[{"href":"https:\/\/haberbesiktas.tr\/index.php?rest_route=%2Fwp%2Fv2%2Fmedia&parent=38559"}],"wp:term":[{"taxonomy":"category","embeddable":true,"href":"https:\/\/haberbesiktas.tr\/index.php?rest_route=%2Fwp%2Fv2%2Fcategories&post=38559"},{"taxonomy":"post_tag","embeddable":true,"href":"https:\/\/haberbesiktas.tr\/index.php?rest_route=%2Fwp%2Fv2%2Ftags&post=38559"}],"curies":[{"name":"wp","href":"https:\/\/api.w.org\/{rel}","templated":true}]}}