{"id":38562,"date":"2025-06-17T11:12:11","date_gmt":"2025-06-17T11:12:11","guid":{"rendered":"https:\/\/haberbesiktas.tr\/?p=38562"},"modified":"2025-06-17T11:12:11","modified_gmt":"2025-06-17T11:12:11","slug":"ertugrul-dogan-kulup-satin-aliyor","status":"publish","type":"post","link":"https:\/\/haberbesiktas.tr\/?p=38562","title":{"rendered":"Ertu\u011frul Do\u011fan kul\u00fcp sat\u0131n al\u0131yor"},"content":{"rendered":"<div>Trabzonspor&#8217;da lider Ertu\u011frul Do\u011fan, yurt d\u0131\u015f\u0131ndan bir kul\u00fcp sat\u0131n al\u0131p, pilot grup olarak kullanmak istiyor. Bu bahiste \u00e7al\u0131\u015fmalar\u0131n\u0131 s\u00fcrd\u00fcren\u00a0Do\u011fan, Portekiz&#8217;den kul\u00fcp almak i\u00e7in ara\u015ft\u0131rmalara ba\u015flad\u0131. <\/p>\n<p>Yurt d\u0131\u015f\u0131na \u00e7\u0131kan Do\u011fan&#8217;\u0131n birinci etapta Vizela, Chaves ve Pa\u00e7os Ferreira ile g\u00f6r\u00fc\u015ft\u00fc\u011f\u00fc \u00f6\u011frenildi. <\/p>\n<p>Hedef; Trabzonspor altyap\u0131s\u0131ndan yeti\u015fen gen\u00e7lerin kendilerini geli\u015ftirmeleri i\u00e7in yurt d\u0131\u015f\u0131nda bir ekibe kiralanmas\u0131 ve oradan yeti\u015fecek yeteneklerin bordo mavili kul\u00fcbe kazand\u0131r\u0131lmas\u0131.<\/p><\/div>\n","protected":false},"excerpt":{"rendered":"<p>Trabzonspor Ba\u015fkan\u0131 Ertu\u011frul Do\u011fan, Portekiz&#8217;den profesyonel bir kul\u00fcp almak i\u00e7in te\u015febb\u00fcslere ba\u015flad\u0131. Vizela, Chaves ve Pa\u00e7os Ferreira ile g\u00f6r\u00fc\u015fme yapt\u0131.<\/p>\n","protected":false},"author":1,"featured_media":38563,"comment_status":"open","ping_status":"open","sticky":false,"template":"","format":"standard","meta":{"footnotes":""},"categories":[25],"tags":[],"class_list":["post-38562","post","type-post","status-publish","format-standard","has-post-thumbnail","hentry","category-futbol"],"_links":{"self":[{"href":"https:\/\/haberbesiktas.tr\/index.php?rest_route=\/wp\/v2\/posts\/38562","targetHints":{"allow":["GET"]}}],"collection":[{"href":"https:\/\/haberbesiktas.tr\/index.php?rest_route=\/wp\/v2\/posts"}],"about":[{"href":"https:\/\/haberbesiktas.tr\/index.php?rest_route=\/wp\/v2\/types\/post"}],"author":[{"embeddable":true,"href":"https:\/\/haberbesiktas.tr\/index.php?rest_route=\/wp\/v2\/users\/1"}],"replies":[{"embeddable":true,"href":"https:\/\/haberbesiktas.tr\/index.php?rest_route=%2Fwp%2Fv2%2Fcomments&post=38562"}],"version-history":[{"count":1,"href":"https:\/\/haberbesiktas.tr\/index.php?rest_route=\/wp\/v2\/posts\/38562\/revisions"}],"predecessor-version":[{"id":38564,"href":"https:\/\/haberbesiktas.tr\/index.php?rest_route=\/wp\/v2\/posts\/38562\/revisions\/38564"}],"wp:featuredmedia":[{"embeddable":true,"href":"https:\/\/haberbesiktas.tr\/index.php?rest_route=\/wp\/v2\/media\/38563"}],"wp:attachment":[{"href":"https:\/\/haberbesiktas.tr\/index.php?rest_route=%2Fwp%2Fv2%2Fmedia&parent=38562"}],"wp:term":[{"taxonomy":"category","embeddable":true,"href":"https:\/\/haberbesiktas.tr\/index.php?rest_route=%2Fwp%2Fv2%2Fcategories&post=38562"},{"taxonomy":"post_tag","embeddable":true,"href":"https:\/\/haberbesiktas.tr\/index.php?rest_route=%2Fwp%2Fv2%2Ftags&post=38562"}],"curies":[{"name":"wp","href":"https:\/\/api.w.org\/{rel}","templated":true}]}}