{"id":38565,"date":"2025-06-17T11:24:12","date_gmt":"2025-06-17T11:24:12","guid":{"rendered":"https:\/\/haberbesiktas.tr\/?p=38565"},"modified":"2025-06-17T11:24:12","modified_gmt":"2025-06-17T11:24:12","slug":"bayern-munihte-bir-devir-kapaniyor","status":"publish","type":"post","link":"https:\/\/haberbesiktas.tr\/?p=38565","title":{"rendered":"Bayern M\u00fcnih&#8217;te bir devir kapan\u0131yor!"},"content":{"rendered":"<div>Bayern M\u00fcnih oyuncusu Thomas M\u00fcller, d\u00f6nem sonunda Bavyera tak\u0131m\u0131ndan ayr\u0131laca\u011f\u0131n\u0131 do\u011frulad\u0131.\u00a0<\/p>\n<p>35 ya\u015f\u0131ndaki futbolcu,\u00a0Bayern M\u00fcnih mesle\u011fi boyunca altyap\u0131 dahil 830 ma\u00e7a \u00e7\u0131kt\u0131, 289 gol ve 278 asist kaydetti. M\u00fcller, 2000&#8217;de Bavyera tak\u0131m\u0131n\u0131n altyap\u0131s\u0131na transfer olmu\u015f, 2009&#8217;da A kadro y\u00fckselmi\u015fti.<\/p>\n<p><strong>CENG\u0130Z \u0130LE EK\u0130P ARKADA\u015eI OLAB\u0130L\u0130R<\/strong><\/p>\n<p>Kul\u00fcple tam olarak ba\u011f\u0131n\u0131n kesilmesi istenmeyen oyuncu, Bayern&#8217;in\u00a0MLS&#8217;deki partner kul\u00fcb\u00fc LAFC&#8217;ye g\u00f6nderilebilir. <\/p>\n<blockquote class=\"twitter-tweet\" data-width=\"500\" data-dnt=\"true\">\n<p lang=\"tr\" dir=\"ltr\">\ud83d\udce2 Thomas M\u00fcller, sezon sonu Bayern M\u00fcnih&#39;ten ayr\u0131laca\u011f\u0131n\u0131 a\u00e7\u0131klad\u0131. <a href=\"https:\/\/t.co\/TwTRhzO4gw\" rel=\"nofollow\">https:\/\/t.co\/TwTRhzO4gw<\/a><\/p>\n<p>&mdash; Sporx (@sporx) <a href=\"https:\/\/twitter.com\/sporx\/status\/1908432250066051158?ref_src=twsrc%5Etfw\" rel=\"nofollow noopener\" target=\"_blank\">April 5, 2025<\/a><\/p><\/blockquote>\n<p><script async src=\"https:\/\/platform.twitter.com\/widgets.js\" charset=\"utf-8\"><\/script><\/p>\n<\/p><\/div>\n","protected":false},"excerpt":{"rendered":"<p>Thomas M\u00fcller, d\u00f6nem sonu Bayern M\u00fcnih&#8217;ten ayr\u0131laca\u011f\u0131n\u0131 a\u00e7\u0131klad\u0131.<\/p>\n","protected":false},"author":1,"featured_media":38567,"comment_status":"open","ping_status":"open","sticky":false,"template":"","format":"standard","meta":{"footnotes":""},"categories":[25],"tags":[],"class_list":["post-38565","post","type-post","status-publish","format-standard","has-post-thumbnail","hentry","category-futbol"],"_links":{"self":[{"href":"https:\/\/haberbesiktas.tr\/index.php?rest_route=\/wp\/v2\/posts\/38565","targetHints":{"allow":["GET"]}}],"collection":[{"href":"https:\/\/haberbesiktas.tr\/index.php?rest_route=\/wp\/v2\/posts"}],"about":[{"href":"https:\/\/haberbesiktas.tr\/index.php?rest_route=\/wp\/v2\/types\/post"}],"author":[{"embeddable":true,"href":"https:\/\/haberbesiktas.tr\/index.php?rest_route=\/wp\/v2\/users\/1"}],"replies":[{"embeddable":true,"href":"https:\/\/haberbesiktas.tr\/index.php?rest_route=%2Fwp%2Fv2%2Fcomments&post=38565"}],"version-history":[{"count":1,"href":"https:\/\/haberbesiktas.tr\/index.php?rest_route=\/wp\/v2\/posts\/38565\/revisions"}],"predecessor-version":[{"id":38568,"href":"https:\/\/haberbesiktas.tr\/index.php?rest_route=\/wp\/v2\/posts\/38565\/revisions\/38568"}],"wp:featuredmedia":[{"embeddable":true,"href":"https:\/\/haberbesiktas.tr\/index.php?rest_route=\/wp\/v2\/media\/38567"}],"wp:attachment":[{"href":"https:\/\/haberbesiktas.tr\/index.php?rest_route=%2Fwp%2Fv2%2Fmedia&parent=38565"}],"wp:term":[{"taxonomy":"category","embeddable":true,"href":"https:\/\/haberbesiktas.tr\/index.php?rest_route=%2Fwp%2Fv2%2Fcategories&post=38565"},{"taxonomy":"post_tag","embeddable":true,"href":"https:\/\/haberbesiktas.tr\/index.php?rest_route=%2Fwp%2Fv2%2Ftags&post=38565"}],"curies":[{"name":"wp","href":"https:\/\/api.w.org\/{rel}","templated":true}]}}