{"id":38569,"date":"2025-06-17T11:36:16","date_gmt":"2025-06-17T11:36:16","guid":{"rendered":"https:\/\/haberbesiktas.tr\/?p=38569"},"modified":"2025-06-17T11:36:16","modified_gmt":"2025-06-17T11:36:16","slug":"besiktasin-golculeri-sinifta-kaldi","status":"publish","type":"post","link":"https:\/\/haberbesiktas.tr\/?p=38569","title":{"rendered":"Be\u015fikta\u015f&#8217;\u0131n golc\u00fcleri s\u0131n\u0131fta kald\u0131!"},"content":{"rendered":"<div>\n<p>Be\u015fikta\u015f&#8217;\u0131n golc\u00fcleri bu d\u00f6nem resmen s\u0131n\u0131fta kald\u0131.<\/p>\n<p> Siyah beyazl\u0131lar\u0131n golc\u00fcleri 27 ma\u00e7ta yaln\u0131zca 41 gol atabildi. \u0130talyan golc\u00fc Ciro Immobile&#8217;nin yetersizli\u011fi net olarak g\u00f6r\u00fcl\u00fcrken, yeni idare de devre ortas\u0131 transfer periyodunda santrfor deste\u011fi yapma gere\u011fi duymad\u0131.<\/p>\n<p> Immobile 23 ma\u00e7ta 6&#8217;s\u0131 penalt\u0131dan olmak \u00fczere 11 gol atarken, Semih K\u0131l\u0131\u00e7soy, 26 ma\u00e7ta yaln\u0131zca 4 gol atabildi.<\/p>\n<p> Mustafa Erhan Hekimo\u011flu ise \u00e7ok az m\u00fcddet ald\u0131\u011f\u0131 ma\u00e7larda gol atamad\u0131.\u00a0<\/p>\n<div>\u00a0<\/div>\n<\/div>\n","protected":false},"excerpt":{"rendered":"<p>Be\u015fikta\u015f&#8217;ta t\u00fcm golc\u00fcler bu d\u00f6nem beklentilerin alt\u0131nda kald\u0131.<\/p>\n","protected":false},"author":1,"featured_media":38570,"comment_status":"open","ping_status":"open","sticky":false,"template":"","format":"standard","meta":{"footnotes":""},"categories":[25],"tags":[77],"class_list":["post-38569","post","type-post","status-publish","format-standard","has-post-thumbnail","hentry","category-futbol","tag-gol"],"_links":{"self":[{"href":"https:\/\/haberbesiktas.tr\/index.php?rest_route=\/wp\/v2\/posts\/38569","targetHints":{"allow":["GET"]}}],"collection":[{"href":"https:\/\/haberbesiktas.tr\/index.php?rest_route=\/wp\/v2\/posts"}],"about":[{"href":"https:\/\/haberbesiktas.tr\/index.php?rest_route=\/wp\/v2\/types\/post"}],"author":[{"embeddable":true,"href":"https:\/\/haberbesiktas.tr\/index.php?rest_route=\/wp\/v2\/users\/1"}],"replies":[{"embeddable":true,"href":"https:\/\/haberbesiktas.tr\/index.php?rest_route=%2Fwp%2Fv2%2Fcomments&post=38569"}],"version-history":[{"count":1,"href":"https:\/\/haberbesiktas.tr\/index.php?rest_route=\/wp\/v2\/posts\/38569\/revisions"}],"predecessor-version":[{"id":38571,"href":"https:\/\/haberbesiktas.tr\/index.php?rest_route=\/wp\/v2\/posts\/38569\/revisions\/38571"}],"wp:featuredmedia":[{"embeddable":true,"href":"https:\/\/haberbesiktas.tr\/index.php?rest_route=\/wp\/v2\/media\/38570"}],"wp:attachment":[{"href":"https:\/\/haberbesiktas.tr\/index.php?rest_route=%2Fwp%2Fv2%2Fmedia&parent=38569"}],"wp:term":[{"taxonomy":"category","embeddable":true,"href":"https:\/\/haberbesiktas.tr\/index.php?rest_route=%2Fwp%2Fv2%2Fcategories&post=38569"},{"taxonomy":"post_tag","embeddable":true,"href":"https:\/\/haberbesiktas.tr\/index.php?rest_route=%2Fwp%2Fv2%2Ftags&post=38569"}],"curies":[{"name":"wp","href":"https:\/\/api.w.org\/{rel}","templated":true}]}}