{"id":38572,"date":"2025-06-17T11:48:14","date_gmt":"2025-06-17T11:48:14","guid":{"rendered":"https:\/\/haberbesiktas.tr\/?p=38572"},"modified":"2025-06-17T11:48:14","modified_gmt":"2025-06-17T11:48:14","slug":"galatasaray-maci-oncesi-iki-isim-ceza-sinirinda","status":"publish","type":"post","link":"https:\/\/haberbesiktas.tr\/?p=38572","title":{"rendered":"Galatasaray ma\u00e7\u0131 \u00f6ncesi iki isim ceza s\u0131n\u0131r\u0131nda!"},"content":{"rendered":"<div>Trendyol S\u00fcper Lig&#8217;de ma\u00e7 ziyadesiyle Be\u015fikta\u015f&#8217;\u0131n 4 puan \u00f6n\u00fcnde 3. s\u0131radaki Samsunspor, deplasmanda Antalyaspor ile kozlar\u0131n\u0131 payla\u015facak. <\/p>\n<p>Ligde son 5 ma\u00e7ta yaln\u0131zca k\u00fcme d\u00fc\u015fmesi mutlakla\u015fan Adana Demirspor&#8217;a kar\u015f\u0131 galip gelebilen Karadeniz temsilcisi, alt taraftan uzakla\u015fmak isteyen rakibini deplasmanda yenerek Avrupa kupalar\u0131 umutlar\u0131n\u0131 taze tutman\u0131n planlar\u0131n\u0131 yap\u0131yor.<\/p>\n<p> <strong>KART G\u00d6R\u00dcRLERSE OYNAYAMAYACAKLAR<\/strong><\/p>\n<p>Deplasmanda 3 ma\u00e7t\u0131r bile\u011fi b\u00fck\u00fclmeyen k\u0131rm\u0131z\u0131-\u015fim\u015feklerde orta saha Celil Y\u00fcksel&#8217;in sakatl\u0131k nedeniyle forma giymesi beklenmezken, kaleci Okan Kocuk ve kanat oyuncusu Arbnor Muja ise 3&#8217;er sar\u0131 kart ile ceza hududunda bulunuyor.<\/p><\/div>\n","protected":false},"excerpt":{"rendered":"<p>Son 5 ma\u00e7ta yaln\u0131zca 1 galibiyet alabilen 3. s\u0131radaki Samsunspor, Antalyaspor&#8217;u yenerek mak\u00fbs gidi\u015fat\u0131 sonland\u0131rmak istiyor.<\/p>\n","protected":false},"author":1,"featured_media":38573,"comment_status":"open","ping_status":"open","sticky":false,"template":"","format":"standard","meta":{"footnotes":""},"categories":[25],"tags":[],"class_list":["post-38572","post","type-post","status-publish","format-standard","has-post-thumbnail","hentry","category-futbol"],"_links":{"self":[{"href":"https:\/\/haberbesiktas.tr\/index.php?rest_route=\/wp\/v2\/posts\/38572","targetHints":{"allow":["GET"]}}],"collection":[{"href":"https:\/\/haberbesiktas.tr\/index.php?rest_route=\/wp\/v2\/posts"}],"about":[{"href":"https:\/\/haberbesiktas.tr\/index.php?rest_route=\/wp\/v2\/types\/post"}],"author":[{"embeddable":true,"href":"https:\/\/haberbesiktas.tr\/index.php?rest_route=\/wp\/v2\/users\/1"}],"replies":[{"embeddable":true,"href":"https:\/\/haberbesiktas.tr\/index.php?rest_route=%2Fwp%2Fv2%2Fcomments&post=38572"}],"version-history":[{"count":1,"href":"https:\/\/haberbesiktas.tr\/index.php?rest_route=\/wp\/v2\/posts\/38572\/revisions"}],"predecessor-version":[{"id":38574,"href":"https:\/\/haberbesiktas.tr\/index.php?rest_route=\/wp\/v2\/posts\/38572\/revisions\/38574"}],"wp:featuredmedia":[{"embeddable":true,"href":"https:\/\/haberbesiktas.tr\/index.php?rest_route=\/wp\/v2\/media\/38573"}],"wp:attachment":[{"href":"https:\/\/haberbesiktas.tr\/index.php?rest_route=%2Fwp%2Fv2%2Fmedia&parent=38572"}],"wp:term":[{"taxonomy":"category","embeddable":true,"href":"https:\/\/haberbesiktas.tr\/index.php?rest_route=%2Fwp%2Fv2%2Fcategories&post=38572"},{"taxonomy":"post_tag","embeddable":true,"href":"https:\/\/haberbesiktas.tr\/index.php?rest_route=%2Fwp%2Fv2%2Ftags&post=38572"}],"curies":[{"name":"wp","href":"https:\/\/api.w.org\/{rel}","templated":true}]}}