{"id":38581,"date":"2025-06-17T12:24:13","date_gmt":"2025-06-17T12:24:13","guid":{"rendered":"https:\/\/haberbesiktas.tr\/?p=38581"},"modified":"2025-06-17T12:24:13","modified_gmt":"2025-06-17T12:24:13","slug":"arild-stavrum-solskjaer-dogru-tuslara-basiyor","status":"publish","type":"post","link":"https:\/\/haberbesiktas.tr\/?p=38581","title":{"rendered":"Arild Stavrum: &#8220;Solskjaer, do\u011fru tu\u015flara bas\u0131yor&#8221;"},"content":{"rendered":"<div>\n<p>Bir devir Be\u015fikta\u015f&#8217;ta forma giyen ve Teknik Y\u00f6netici Ole Gunnar Solskjaer&#8217;in \u00e7ocukluk arkada\u015f\u0131 olan Arild Stavrum, vatanda\u015f\u0131n\u0131n Siyah-Beyazl\u0131 ekipteki performans\u0131n\u0131 k\u0131ymetlendirdi.<\/p>\n<p> Stavrum, <strong>&#8220;Be\u015fikta\u015f&#8217;ta y\u00fcre\u011finizi bedeninizin d\u0131\u015f\u0131na \u00e7\u0131karman\u0131z gerekiyor. Solskj\u00e6r, insanlar\u0131n kul\u00fcbe kar\u015f\u0131 tutkulu olmas\u0131ndan \u00e7ok tela\u015f duydu\u011funu s\u00f6yl\u00fcyor. Kadro i\u00e7inde performans g\u00f6steremeyenleri ele\u015ftiriyor. Be\u015fikta\u015f&#8217;ta vazife alan evvelki hocalara nazaran \u00e7ok daha yeterli bir halde ger\u00e7ek tu\u015flara bas\u0131yor \u00fczere g\u00f6r\u00fcn\u00fcyor&#8221;<\/strong> tabirlerini kulland\u0131.<\/p>\n<p> <strong>1.92 PUAN ORTALAMASI YAKALADI<\/strong><\/p>\n<p> 52 ya\u015f\u0131ndaki teknik adam, Siyah-Beyazl\u0131 grup ba\u015f\u0131nda toplam 13 ma\u00e7a \u00e7\u0131kt\u0131. Tecr\u00fcbeli \u00e7al\u0131\u015ft\u0131r\u0131c\u0131, bu m\u00fchlet i\u00e7inde 8 galibiyet, 1 beraberlik, 4 ma\u011flubiyet elde etti. Ole Gunnar Solskjaer&#8217;in puan ortalamas\u0131 1.92 oldu. Norve\u00e7li \u00e7al\u0131\u015ft\u0131r\u0131c\u0131n\u0131n ligde oynad\u0131\u011f\u0131 8 ma\u00e7ta ise 5 galibiyet, 1 beraberlik, 2 hezimeti bulunuyor. Ba\u015far\u0131l\u0131 \u00e7al\u0131\u015ft\u0131r\u0131c\u0131n\u0131n S\u00fcper Lig puan ortalamas\u0131 ise 2.00 oldu. Solskjaer&#8217;in Be\u015fikta\u015f ile olan mukavelesi 2026 y\u0131l\u0131n\u0131n haziran ay\u0131nda sona eriyor.<\/p>\n<p> <strong>SEZON SONU RAPOR HAZIRLAYACAK<\/strong><\/p>\n<p> Be\u015fikta\u015f Teknik Y\u00f6neticisi Ole Gunnar Solskjaer, T\u00fcrkiye Kupas\u0131&#8217;ndaki G\u00f6ztepe ma\u011flubiyetinden \u00f6t\u00fcr\u00fc hayal k\u0131r\u0131kl\u0131\u011f\u0131 ya\u015fad\u0131klar\u0131n\u0131 s\u00f6yledi. Gelecek d\u00f6nemin planlar\u0131 i\u00e7in Solskjaer, <strong>&#8220;Kadromuzdaki oyunculara bakarak hangilerinin kalaca\u011f\u0131n\u0131, hangi konumlara yeni oyuncular al\u0131naca\u011f\u0131n\u0131n karar\u0131n\u0131 verece\u011fiz&#8221; i<\/strong>fadelerini kulland\u0131. Siyah-Beyazl\u0131 \u0130dare, Norve\u00e7li \u00e7al\u0131\u015ft\u0131r\u0131c\u0131dan gelecek rapora nazaran yeni d\u00f6nem planlamas\u0131n\u0131 yapacak. \u00c7ok say\u0131da oyuncularla yollar\u0131n ayr\u0131lmas\u0131 bekleniyor.\u00a0<\/p>\n<div>\u00a0<\/div>\n<div>\u00a0<\/div>\n<\/div>\n","protected":false},"excerpt":{"rendered":"<p>Bir devir Be\u015fikta\u015f&#8217;ta forma giyen ve Ole Gunnar Solskjaer&#8217;in \u00e7ocukluk arkada\u015f\u0131 olan Arild Stavrum, vatanda\u015f\u0131n\u0131n siyah beyazl\u0131 ekipteki performans\u0131 hakk\u0131nda konu\u015ftu.<\/p>\n","protected":false},"author":1,"featured_media":38582,"comment_status":"open","ping_status":"open","sticky":false,"template":"","format":"standard","meta":{"footnotes":""},"categories":[25],"tags":[71],"class_list":["post-38581","post","type-post","status-publish","format-standard","has-post-thumbnail","hentry","category-futbol","tag-besiktas"],"_links":{"self":[{"href":"https:\/\/haberbesiktas.tr\/index.php?rest_route=\/wp\/v2\/posts\/38581","targetHints":{"allow":["GET"]}}],"collection":[{"href":"https:\/\/haberbesiktas.tr\/index.php?rest_route=\/wp\/v2\/posts"}],"about":[{"href":"https:\/\/haberbesiktas.tr\/index.php?rest_route=\/wp\/v2\/types\/post"}],"author":[{"embeddable":true,"href":"https:\/\/haberbesiktas.tr\/index.php?rest_route=\/wp\/v2\/users\/1"}],"replies":[{"embeddable":true,"href":"https:\/\/haberbesiktas.tr\/index.php?rest_route=%2Fwp%2Fv2%2Fcomments&post=38581"}],"version-history":[{"count":1,"href":"https:\/\/haberbesiktas.tr\/index.php?rest_route=\/wp\/v2\/posts\/38581\/revisions"}],"predecessor-version":[{"id":38583,"href":"https:\/\/haberbesiktas.tr\/index.php?rest_route=\/wp\/v2\/posts\/38581\/revisions\/38583"}],"wp:featuredmedia":[{"embeddable":true,"href":"https:\/\/haberbesiktas.tr\/index.php?rest_route=\/wp\/v2\/media\/38582"}],"wp:attachment":[{"href":"https:\/\/haberbesiktas.tr\/index.php?rest_route=%2Fwp%2Fv2%2Fmedia&parent=38581"}],"wp:term":[{"taxonomy":"category","embeddable":true,"href":"https:\/\/haberbesiktas.tr\/index.php?rest_route=%2Fwp%2Fv2%2Fcategories&post=38581"},{"taxonomy":"post_tag","embeddable":true,"href":"https:\/\/haberbesiktas.tr\/index.php?rest_route=%2Fwp%2Fv2%2Ftags&post=38581"}],"curies":[{"name":"wp","href":"https:\/\/api.w.org\/{rel}","templated":true}]}}