{"id":38587,"date":"2025-06-17T12:48:11","date_gmt":"2025-06-17T12:48:11","guid":{"rendered":"https:\/\/haberbesiktas.tr\/?p=38587"},"modified":"2025-06-17T12:48:11","modified_gmt":"2025-06-17T12:48:11","slug":"ersin-destanoglundan-ayrilik-karari","status":"publish","type":"post","link":"https:\/\/haberbesiktas.tr\/?p=38587","title":{"rendered":"Ersin Destano\u011flu&#8217;ndan ayr\u0131l\u0131k karar\u0131!"},"content":{"rendered":"<div>\n<p>Be\u015fikta\u015f, Ziraat T\u00fcrkiye Kupas\u0131 \u00e7eyrek final ma\u00e7\u0131nda alan\u0131nda G\u00f6ztepe&#8217;ye 3-1 ma\u011flup oldu.<\/p>\n<p> G\u00f6ztepe kar\u015f\u0131s\u0131nda kalesinde 3 top g\u00f6ren kaleci Ersin Destano\u011flu, son gol\u00fcn akabinde aya\u011f\u0131na gelen her topta taraftarlar\u0131n \u0131sl\u0131klar\u0131na maruz kald\u0131.<\/p>\n<p> <strong>GEM\u0130LER\u0130 YAKTI<\/strong><\/p>\n<p> Daha evvel de tekraren t\u0131pk\u0131 durumun i\u00e7erisine d\u00fc\u015fen 24 ya\u015f\u0131ndaki kaleci gemileri yakt\u0131.<\/p>\n<p> Ersin, ma\u00e7\u0131n son d\u00fcd\u00fc\u011f\u00fcyle birlikte direkt soyunma odas\u0131na giderken hem \u00fczg\u00fcn hem de sonluydu.<\/p>\n<p> <strong>AYRILI\u011eI BA\u015eINA KOYDU<\/strong><\/p>\n<p> Tecr\u00fcbeli oyuncunun bir sefer daha Dolmabah\u00e7e&#8217;de \u0131sl\u0131klanmas\u0131na sitem etti\u011fi ve d\u00f6nem sonu ayr\u0131l\u0131\u011f\u0131 d\u00fczg\u00fcnden d\u00fczg\u00fcne ba\u015f\u0131na koydu\u011fu belirtildi.\u00a0<\/p>\n<\/div>\n","protected":false},"excerpt":{"rendered":"<p>G\u00f6ztepe ma\u00e7\u0131nda \u0131sl\u0131klanan Ersin Destano\u011flu, d\u00f6nem sonunda Be\u015fikta\u015f&#8217;tan ayr\u0131lma karar\u0131n\u0131 netle\u015ftirdi.<\/p>\n","protected":false},"author":1,"featured_media":38588,"comment_status":"open","ping_status":"open","sticky":false,"template":"","format":"standard","meta":{"footnotes":""},"categories":[25],"tags":[],"class_list":["post-38587","post","type-post","status-publish","format-standard","has-post-thumbnail","hentry","category-futbol"],"_links":{"self":[{"href":"https:\/\/haberbesiktas.tr\/index.php?rest_route=\/wp\/v2\/posts\/38587","targetHints":{"allow":["GET"]}}],"collection":[{"href":"https:\/\/haberbesiktas.tr\/index.php?rest_route=\/wp\/v2\/posts"}],"about":[{"href":"https:\/\/haberbesiktas.tr\/index.php?rest_route=\/wp\/v2\/types\/post"}],"author":[{"embeddable":true,"href":"https:\/\/haberbesiktas.tr\/index.php?rest_route=\/wp\/v2\/users\/1"}],"replies":[{"embeddable":true,"href":"https:\/\/haberbesiktas.tr\/index.php?rest_route=%2Fwp%2Fv2%2Fcomments&post=38587"}],"version-history":[{"count":1,"href":"https:\/\/haberbesiktas.tr\/index.php?rest_route=\/wp\/v2\/posts\/38587\/revisions"}],"predecessor-version":[{"id":38589,"href":"https:\/\/haberbesiktas.tr\/index.php?rest_route=\/wp\/v2\/posts\/38587\/revisions\/38589"}],"wp:featuredmedia":[{"embeddable":true,"href":"https:\/\/haberbesiktas.tr\/index.php?rest_route=\/wp\/v2\/media\/38588"}],"wp:attachment":[{"href":"https:\/\/haberbesiktas.tr\/index.php?rest_route=%2Fwp%2Fv2%2Fmedia&parent=38587"}],"wp:term":[{"taxonomy":"category","embeddable":true,"href":"https:\/\/haberbesiktas.tr\/index.php?rest_route=%2Fwp%2Fv2%2Fcategories&post=38587"},{"taxonomy":"post_tag","embeddable":true,"href":"https:\/\/haberbesiktas.tr\/index.php?rest_route=%2Fwp%2Fv2%2Ftags&post=38587"}],"curies":[{"name":"wp","href":"https:\/\/api.w.org\/{rel}","templated":true}]}}