{"id":38596,"date":"2025-06-17T13:24:10","date_gmt":"2025-06-17T13:24:10","guid":{"rendered":"https:\/\/haberbesiktas.tr\/?p=38596"},"modified":"2025-06-17T13:24:10","modified_gmt":"2025-06-17T13:24:10","slug":"fenerbahce-galatasaray-derbisinin-cezalari-belli-oldu","status":"publish","type":"post","link":"https:\/\/haberbesiktas.tr\/?p=38596","title":{"rendered":"Fenerbah\u00e7e-Galatasaray derbisinin cezalar\u0131 belli\u00a0oldu!"},"content":{"rendered":"<div>PFDK&#8217;nin bug\u00fcn ger\u00e7ekle\u015ftirdi\u011fi harikul\u00e2de toplant\u0131s\u0131 sona erdi. <\/p>\n<p>Ziraat T\u00fcrkiye Kupas\u0131 \u00c7eyrek Finali&#8217;nde oynanan u\u011fra\u015fta Fenerbah\u00e7e oyuncular\u0131n\u0131n\/personellerinin ald\u0131\u011f\u0131 cezalar belirli oldu. <\/p>\n<p>\u0130\u015fte o cezalar:\u00a0<\/p>\n<p><strong>Fred:<\/strong>\u00a03 ma\u00e7 ceza alan Fred&#8217;in cezas\u0131 lige yans\u0131mayacak.<\/p>\n<p><strong>Mert Hakan Yanda\u015f:<\/strong> 1 ma\u00e7 ceza ald\u0131. C<span>ezas\u0131n\u0131 \u00f6n\u00fcm\u00fczdeki d\u00f6nem kupada \u00e7ekecek.<\/span><\/p>\n<p><strong>Jose Mourinho:<\/strong>\u00a03 ma\u00e7 ceza alan Mourinho&#8217;nun cezas\u0131 lige yans\u0131mayacak.<span><span><span><\/p>\n<p><strong>Salvatore Foti:<\/strong> 4 ma\u00e7 ceza ald\u0131.<\/p>\n<p><strong>Sandro Zufic:<\/strong> 4 ma\u00e7 ceza ald\u0131.<\/p>\n<p><strong>Mario Branco:<\/strong> Para cezas\u0131 ald\u0131.<\/p>\n<p>Kararlar Fenerbah\u00e7e kul\u00fcb\u00fcne bildiri edildi. Sar\u0131-Lacivertliler Tahkim Konseyi&#8217;ne itirazda bulunacak.<br \/><\/span><\/span><\/span> <\/p>\n<div><strong>GALATASARAY EVRAKLARI G\u00d6R\u00dc\u015e\u00dcLMED\u0130<\/strong> Galatasaray Kul\u00fcb\u00fc \u015fimdi savunmas\u0131n\u0131 vermedi\u011fi i\u00e7in sar\u0131-k\u0131rm\u0131zl\u0131larla ilgili evraklar g\u00f6r\u00fc\u015f\u00fclmedi.<\/p>\n<p> <span><span><strong><br \/><\/strong><\/span><\/span><span><strong><br \/><\/strong><\/span><\/div>\n<\/div>\n","protected":false},"excerpt":{"rendered":"<p>Ziraat T\u00fcrkiye Kupas\u0131 \u00c7eyrek Finali&#8217;nde oynanan \u00e7abada Fenerbah\u00e7e oyuncular\u0131n\u0131n\/personellerinin ald\u0131\u011f\u0131 cezalar a\u015fik\u00e2r oldu.<\/p>\n","protected":false},"author":1,"featured_media":38597,"comment_status":"open","ping_status":"open","sticky":false,"template":"","format":"standard","meta":{"footnotes":""},"categories":[25],"tags":[505],"class_list":["post-38596","post","type-post","status-publish","format-standard","has-post-thumbnail","hentry","category-futbol","tag-ceza"],"_links":{"self":[{"href":"https:\/\/haberbesiktas.tr\/index.php?rest_route=\/wp\/v2\/posts\/38596","targetHints":{"allow":["GET"]}}],"collection":[{"href":"https:\/\/haberbesiktas.tr\/index.php?rest_route=\/wp\/v2\/posts"}],"about":[{"href":"https:\/\/haberbesiktas.tr\/index.php?rest_route=\/wp\/v2\/types\/post"}],"author":[{"embeddable":true,"href":"https:\/\/haberbesiktas.tr\/index.php?rest_route=\/wp\/v2\/users\/1"}],"replies":[{"embeddable":true,"href":"https:\/\/haberbesiktas.tr\/index.php?rest_route=%2Fwp%2Fv2%2Fcomments&post=38596"}],"version-history":[{"count":1,"href":"https:\/\/haberbesiktas.tr\/index.php?rest_route=\/wp\/v2\/posts\/38596\/revisions"}],"predecessor-version":[{"id":38598,"href":"https:\/\/haberbesiktas.tr\/index.php?rest_route=\/wp\/v2\/posts\/38596\/revisions\/38598"}],"wp:featuredmedia":[{"embeddable":true,"href":"https:\/\/haberbesiktas.tr\/index.php?rest_route=\/wp\/v2\/media\/38597"}],"wp:attachment":[{"href":"https:\/\/haberbesiktas.tr\/index.php?rest_route=%2Fwp%2Fv2%2Fmedia&parent=38596"}],"wp:term":[{"taxonomy":"category","embeddable":true,"href":"https:\/\/haberbesiktas.tr\/index.php?rest_route=%2Fwp%2Fv2%2Fcategories&post=38596"},{"taxonomy":"post_tag","embeddable":true,"href":"https:\/\/haberbesiktas.tr\/index.php?rest_route=%2Fwp%2Fv2%2Ftags&post=38596"}],"curies":[{"name":"wp","href":"https:\/\/api.w.org\/{rel}","templated":true}]}}