{"id":38599,"date":"2025-06-17T13:36:31","date_gmt":"2025-06-17T13:36:31","guid":{"rendered":"https:\/\/haberbesiktas.tr\/?p=38599"},"modified":"2025-06-17T13:36:31","modified_gmt":"2025-06-17T13:36:31","slug":"besiktas-yonetiminden-solskjaere-tam-destek","status":"publish","type":"post","link":"https:\/\/haberbesiktas.tr\/?p=38599","title":{"rendered":"Be\u015fikta\u015f y\u00f6netiminden Solskjaer&#8217;e tam destek"},"content":{"rendered":"<div>\n<p>Be\u015fikta\u015f&#8217;\u0131n Ziraat T\u00fcrkiye Kupas\u0131 \u00e7eyrek finalinde meskeninde G\u00f6ztepe&#8217;ye yenilerek kupaya veda etmesi sonras\u0131 tenkit oklar\u0131 Norve\u00e7li teknik adam Ole Gunnar Solskjaer&#8217;e \u00e7evrilmi\u015fti. Ancak Be\u015fikta\u015f Ba\u015fkan\u0131 Serdal Adal\u0131&#8217;n\u0131n tecr\u00fcbeli hocayla ma\u00e7 sonras\u0131nda bir toplant\u0131 yapt\u0131\u011f\u0131 ve Norve\u00e7li hocaya takviye verdi\u011fi \u00f6\u011frenildi.<\/p>\n<p><strong>&#8220;SEN\u0130NLE PLANLARIMIZ \u00d6N\u00dcM\u00dcZDEK\u0130 SENE&#8221;<\/strong><\/p>\n<p> Adal\u0131&#8217;n\u0131n &#8220;<strong>Kupay\u0131 tek maksat olarak belirlemi\u015ftik. Elendi\u011fimiz i\u00e7in \u00fcz\u00fcld\u00fck lakin senin arkanday\u0131z. Tenkitlere kulak asma. Biz esasen seninle \u00f6n\u00fcm\u00fczdeki d\u00f6nem i\u00e7in planlar yap\u0131yoruz&#8221;<\/strong> dedi\u011fi s\u00f6z edildi.<\/p>\n<p><strong>&#8220;TEK HEDEF\u0130M\u0130Z L\u0130G \u00dc\u00c7\u00dcNC\u00dcL\u00dc\u011e\u00dc&#8221;<\/strong><\/p>\n<p> Adal\u0131&#8217;n\u0131n, <strong>&#8220;\u015eimdiki tek hedefimiz lig \u00fc\u00e7\u00fcnc\u00fcl\u00fc\u011f\u00fc. Tak\u0131m\u0131m\u0131z bunu ba\u015faracak g\u00fc\u00e7te. Bu d\u00f6nemi istedi\u011fimiz yerde bitirip \u00f6n\u00fcm\u00fczdeki d\u00f6nem desteklerle birlikte \u015fampiyonlu\u011fa oynayaca\u011f\u0131z&#8221;<\/strong> dedi\u011fi \u00f6\u011frenildi.\u00a0<\/p>\n<div>\u00a0<\/div>\n<\/div>\n","protected":false},"excerpt":{"rendered":"<p>Be\u015fikta\u015f Ba\u015fkan\u0131 Serdal Adal\u0131&#8217;n\u0131n G\u00f6ztepe hezimeti sonras\u0131 Solskjaer ile toplant\u0131 yapt\u0131\u011f\u0131 ve &#8220;Kupadan elenmemize \u00fcz\u00fcld\u00fck lakin biz seninle \u00f6n\u00fcm\u00fczdeki d\u00f6nem i\u00e7in planlar yap\u0131yoruz. Sana itimad\u0131m\u0131z tam&#8221; dedi\u011fi \u00f6\u011frenildi.<\/p>\n","protected":false},"author":1,"featured_media":38600,"comment_status":"open","ping_status":"open","sticky":false,"template":"","format":"standard","meta":{"footnotes":""},"categories":[25],"tags":[],"class_list":["post-38599","post","type-post","status-publish","format-standard","has-post-thumbnail","hentry","category-futbol"],"_links":{"self":[{"href":"https:\/\/haberbesiktas.tr\/index.php?rest_route=\/wp\/v2\/posts\/38599","targetHints":{"allow":["GET"]}}],"collection":[{"href":"https:\/\/haberbesiktas.tr\/index.php?rest_route=\/wp\/v2\/posts"}],"about":[{"href":"https:\/\/haberbesiktas.tr\/index.php?rest_route=\/wp\/v2\/types\/post"}],"author":[{"embeddable":true,"href":"https:\/\/haberbesiktas.tr\/index.php?rest_route=\/wp\/v2\/users\/1"}],"replies":[{"embeddable":true,"href":"https:\/\/haberbesiktas.tr\/index.php?rest_route=%2Fwp%2Fv2%2Fcomments&post=38599"}],"version-history":[{"count":1,"href":"https:\/\/haberbesiktas.tr\/index.php?rest_route=\/wp\/v2\/posts\/38599\/revisions"}],"predecessor-version":[{"id":38601,"href":"https:\/\/haberbesiktas.tr\/index.php?rest_route=\/wp\/v2\/posts\/38599\/revisions\/38601"}],"wp:featuredmedia":[{"embeddable":true,"href":"https:\/\/haberbesiktas.tr\/index.php?rest_route=\/wp\/v2\/media\/38600"}],"wp:attachment":[{"href":"https:\/\/haberbesiktas.tr\/index.php?rest_route=%2Fwp%2Fv2%2Fmedia&parent=38599"}],"wp:term":[{"taxonomy":"category","embeddable":true,"href":"https:\/\/haberbesiktas.tr\/index.php?rest_route=%2Fwp%2Fv2%2Fcategories&post=38599"},{"taxonomy":"post_tag","embeddable":true,"href":"https:\/\/haberbesiktas.tr\/index.php?rest_route=%2Fwp%2Fv2%2Ftags&post=38599"}],"curies":[{"name":"wp","href":"https:\/\/api.w.org\/{rel}","templated":true}]}}