{"id":38736,"date":"2025-06-17T22:36:14","date_gmt":"2025-06-17T22:36:14","guid":{"rendered":"https:\/\/haberbesiktas.tr\/?p=38736"},"modified":"2025-06-17T22:36:14","modified_gmt":"2025-06-17T22:36:14","slug":"trabzonspordan-pfdk-cezalarina-tepki","status":"publish","type":"post","link":"https:\/\/haberbesiktas.tr\/?p=38736","title":{"rendered":"Trabzonspor&#8217;dan PFDK cezalar\u0131na tepki!"},"content":{"rendered":"<div>Trabzonspor, PFDK cezalar\u0131n\u0131n akabinde bir payla\u015f\u0131mda bulundu.<\/p>\n<p> Trabzonspor&#8217;un toplumsal medyadan yapt\u0131\u011f\u0131 payla\u015f\u0131mda, &#8220;G\u00f6rmezler, duymazlar, bilmezler&#8230;&#8221; tabirleri kullan\u0131ld\u0131.<\/p>\n<p> <strong>TRABZONSPOR&#8217;UN O PAYLA\u015eIMI<\/p>\n<p><\/strong><\/p>\n<blockquote class=\"twitter-tweet\" data-width=\"500\" data-dnt=\"true\">\n<p lang=\"tr\" dir=\"ltr\">G\u00f6rmezler, duymazlar, bilmezler&#8230; <a href=\"https:\/\/t.co\/uJxhq8r3rJ\" rel=\"nofollow\">pic.twitter.com\/uJxhq8r3rJ<\/a><\/p>\n<p>&mdash; Trabzonspor (@Trabzonspor) <a href=\"https:\/\/twitter.com\/Trabzonspor\/status\/1908544608197292129?ref_src=twsrc%5Etfw\" rel=\"nofollow noopener\" target=\"_blank\">April 5, 2025<\/a><\/p><\/blockquote>\n<p><script async src=\"https:\/\/platform.twitter.com\/widgets.js\" charset=\"utf-8\"><\/script><\/p>\n<p><strong>TRABZONSPOR MA\u00c7INDA OYNAYAB\u0130LECEKLER<\/strong><\/p>\n<p> Fenerbah\u00e7e Teknik Y\u00f6neticisi Jose Mourinho, PFDK&#8217;den 3 ma\u00e7 ceza ald\u0131\u011f\u0131 i\u00e7in Trabzonspor ma\u00e7\u0131nda yedek kul\u00fcbesinde olabilecek. Portekizli teknik adam, 3 ma\u00e7l\u0131k cezas\u0131n\u0131 kupada \u00e7ekecek.<\/p>\n<p> Fenerbah\u00e7e&#8217;de 1 ma\u00e7 ceza alan Mert Hakan Yanda\u015f ve 3 ma\u00e7 ceza alan Fred de Trabzonspor ma\u00e7\u0131nda forma giyebilecek.<\/p>\n<\/div>\n","protected":false},"excerpt":{"rendered":"<p>Trabzonspor, PFDK kararlar\u0131n\u0131n akabinde dikkat \u00e7eken bir payla\u015f\u0131m yapt\u0131.<\/p>\n","protected":false},"author":1,"featured_media":38738,"comment_status":"open","ping_status":"open","sticky":false,"template":"","format":"standard","meta":{"footnotes":""},"categories":[25],"tags":[505,50,98],"class_list":["post-38736","post","type-post","status-publish","format-standard","has-post-thumbnail","hentry","category-futbol","tag-ceza","tag-mac","tag-trabzonspor"],"_links":{"self":[{"href":"https:\/\/haberbesiktas.tr\/index.php?rest_route=\/wp\/v2\/posts\/38736","targetHints":{"allow":["GET"]}}],"collection":[{"href":"https:\/\/haberbesiktas.tr\/index.php?rest_route=\/wp\/v2\/posts"}],"about":[{"href":"https:\/\/haberbesiktas.tr\/index.php?rest_route=\/wp\/v2\/types\/post"}],"author":[{"embeddable":true,"href":"https:\/\/haberbesiktas.tr\/index.php?rest_route=\/wp\/v2\/users\/1"}],"replies":[{"embeddable":true,"href":"https:\/\/haberbesiktas.tr\/index.php?rest_route=%2Fwp%2Fv2%2Fcomments&post=38736"}],"version-history":[{"count":1,"href":"https:\/\/haberbesiktas.tr\/index.php?rest_route=\/wp\/v2\/posts\/38736\/revisions"}],"predecessor-version":[{"id":38739,"href":"https:\/\/haberbesiktas.tr\/index.php?rest_route=\/wp\/v2\/posts\/38736\/revisions\/38739"}],"wp:featuredmedia":[{"embeddable":true,"href":"https:\/\/haberbesiktas.tr\/index.php?rest_route=\/wp\/v2\/media\/38738"}],"wp:attachment":[{"href":"https:\/\/haberbesiktas.tr\/index.php?rest_route=%2Fwp%2Fv2%2Fmedia&parent=38736"}],"wp:term":[{"taxonomy":"category","embeddable":true,"href":"https:\/\/haberbesiktas.tr\/index.php?rest_route=%2Fwp%2Fv2%2Fcategories&post=38736"},{"taxonomy":"post_tag","embeddable":true,"href":"https:\/\/haberbesiktas.tr\/index.php?rest_route=%2Fwp%2Fv2%2Ftags&post=38736"}],"curies":[{"name":"wp","href":"https:\/\/api.w.org\/{rel}","templated":true}]}}