{"id":38743,"date":"2025-06-17T23:00:06","date_gmt":"2025-06-17T23:00:06","guid":{"rendered":"https:\/\/haberbesiktas.tr\/?p=38743"},"modified":"2025-06-17T23:00:06","modified_gmt":"2025-06-17T23:00:06","slug":"pfdk-acikladi-iste-jose-mourinhonun-cezasi","status":"publish","type":"post","link":"https:\/\/haberbesiktas.tr\/?p=38743","title":{"rendered":"PFDK a\u00e7\u0131klad\u0131: \u0130\u015fte Jose Mourinho&#8217;nun cezas\u0131"},"content":{"rendered":"<div>Fenerbah\u00e7e &#8211; Galatasaray derbisinin akabinde PFDK kararlar\u0131 a\u00e7\u0131kland\u0131.\u00a0<\/p>\n<p>Derbide Galatasaray Teknik Y\u00f6neticisi Okan Buruk&#8217;a fizik\u00ee m\u00fcdahalede bulunan Fenerbah\u00e7e Teknik Y\u00f6neticisi Jose Mourinho, 3 ma\u00e7 men cezas\u0131 ald\u0131.<\/p>\n<p> <strong>PFDK KARARLARI A\u00c7IKLANDI<\/strong><\/p>\n<p> JOSE MOURINHO: 3 MA\u00c7<br \/>MARIO BRANCO: 117 B\u0130N TL<br \/>SALVATORE FOTI: 4 MA\u00c7<br \/>SANDRO ZUFIC: 4 MA\u00c7<br \/>FRED: 3 MA\u00c7<br \/>MERT HAKAN YANDA\u015e: 1 MA\u00c7<\/p>\n<p> <strong>L\u0130GE YANSIMAYACAK<\/strong><\/p>\n<p> Fenerbah\u00e7e Teknik Y\u00f6neticisi Jose Mourinho, 3 ma\u00e7 ceza ald\u0131\u011f\u0131 i\u00e7in bu ceza lige yans\u0131mayacak. Mert Hakan Yanda\u015f ve Fred de cezalar\u0131n\u0131 ligde \u00e7ekmeyecek.<\/p>\n<p> <strong>GALATASARAY EVRAKLARI G\u00d6R\u00dc\u015e\u00dcLMED\u0130<\/strong><\/p>\n<p> Galatasaray Kul\u00fcb\u00fc \u015fimdi savunmas\u0131n\u0131 vermedi\u011fi i\u00e7in sar\u0131-k\u0131rm\u0131zl\u0131larla ilgili evraklar g\u00f6r\u00fc\u015f\u00fclmedi. Galatasaray&#8217;dan Bar\u0131\u015f Alper Y\u0131lmaz ve Kerem Demirbay, PFDK&#8217;ye sevk edilmi\u015fti.<\/p>\n<p> <strong>PFDK&#8217;N\u0130N A\u00c7IKLAMASI \u015eU FORMDA:<\/strong><\/p>\n<p> &#8220;FENERBAH\u00c7E A.\u015e. Teknik Sorumlusu JOSE MARIO DOS SANTOS MOURINHO FELIX&#8217;in, emsal kararlar dikkate al\u0131narak rakip kadro mensubuna y\u00f6nelik sportmenli\u011fe muhalif hareketi nedeniyle FDT&#8217;nin 36\/1-c ve 35\/4. unsurlar\u0131 uyar\u0131nca 3 RESM\u0130 KAR\u015eILA\u015eMA SOYUNMA ODASINA VE YEDEK KUL\u00dcBES\u0130NE G\u0130R\u0130\u015e YASA\u011eI ve 292.500.-TL PARA CEZASI ile cezaland\u0131r\u0131lmas\u0131na, 3 \u00fcyenin hareketin sevke uygun formda FDT&#8217;nin 44. Unsuru uyar\u0131nca ak\u0131n olarak k\u0131ymetlendirilerek 5 resmi kar\u015f\u0131la\u015fmada soyunma odas\u0131na ve yedek kul\u00fcbesine giri\u015f yasa\u011f\u0131 ile cezaland\u0131r\u0131lmas\u0131 gerekti\u011fi istikametindeki kar\u015f\u0131 oyu ile,(oy\u00e7oklu\u011fu)<\/p>\n<p> T\u0131pk\u0131 kar\u015f\u0131la\u015fmada FENERBAH\u00c7E A.\u015e. idarecisi MARIO JORGE DOS SANTOS BRANCO&#8217;nun, kar\u015f\u0131la\u015fma esnas\u0131nda akredite edilmedi\u011fi T alan\u0131nda bulunmas\u0131ndan \u00f6t\u00fcr\u00fc talimatlara kar\u015f\u0131tl\u0131k nedeniyle FDT&#8217;nin 46\/1. unsuru uyar\u0131nca 117.000.-TL PARA CEZASI ile cezaland\u0131r\u0131lmas\u0131na,<\/p>\n<p> Birebir kar\u015f\u0131la\u015fmada FENERBAH\u00c7E A.\u015e. antren\u00f6r\u00fc SALVATORE FOTI&#8217;nin, rakip kadro atletine y\u00f6nelik hakareti nedeniyle FDT&#8217;nin 41\/1-c ve 35\/4. hususlar\u0131 uyar\u0131nca 4 RESM\u0130 KAR\u015eILA\u015eMADA SOYUNMA ODASINA VE YEDEK KUL\u00dcBES\u0130NE G\u0130R\u0130\u015e YASA\u011eI ve 117.000.-TL PARA CEZASI ile cezaland\u0131r\u0131lmas\u0131na,<\/p>\n<p> T\u0131pk\u0131 kar\u015f\u0131la\u015fmada FENERBAH\u00c7E A.\u015e. kaleci antren\u00f6r\u00fc SANDRO ZUFIC&#8217;in, kar\u015f\u0131la\u015fma hakemine y\u00f6nelik fiili m\u00fcdahale i\u00e7eren sportmenli\u011fe kar\u015f\u0131t hareketi nedeniyle FDT&#8217;nin 36\/5-c ve 35\/4. hususlar\u0131 uyar\u0131nca 4 RESM\u0130 KAR\u015eILA\u015eMADA SOYUNMA ODASINA VE YEDEK KUL\u00dcBES\u0130NE G\u0130R\u0130\u015e YASA\u011eI ve 78.000.-TL PARA CEZASI ile cezaland\u0131r\u0131lmas\u0131na,<\/p>\n<p> T\u0131pk\u0131 kar\u015f\u0131la\u015fmada FENERBAH\u00c7E A.\u015e. sportmeni FREDERICO RODRIGUES DE PAULA SANTOS&#8217;un, kar\u015f\u0131la\u015fma hakemine y\u00f6nelik hakareti nedeniyle FDT&#8217;nin 41\/1-a ve 35\/4. unsurlar\u0131 uyar\u0131nca 3 RESM\u0130 KAR\u015eILA\u015eMADAN MEN ve 58.500.-TL PARA CEZASI ile cezaland\u0131r\u0131lmas\u0131na,<\/p>\n<p> T\u0131pk\u0131 kar\u015f\u0131la\u015fmada FENERBAH\u00c7E A.\u015e. sportmeni MERT HAKAN YANDA\u015e&#8217;\u0131n, rakip ekip atletine y\u00f6nelik sportmenli\u011fe ters hareketi nedeniyle FDT&#8217;nin 36\/1-a ve 35\/4. hususlar\u0131 uyar\u0131nca 1 RESM\u0130 KAR\u015eILA\u015eMADAN MEN ve 58.500.-TL PARA CEZASI ile cezaland\u0131r\u0131lmas\u0131na,<\/p>\n<p> Karar verilmi\u015ftir.&#8221;<\/p>\n<\/div>\n","protected":false},"excerpt":{"rendered":"<p>Fenerbah\u00e7e &#8211; Galatasaray derbisinin akabinde PFDK kararlar\u0131 a\u00e7\u0131kland\u0131. Fenerbah\u00e7e Teknik Y\u00f6neticisi Jose Mourinho, 3 ma\u00e7 men cezas\u0131 ald\u0131.<\/p>\n","protected":false},"author":1,"featured_media":38744,"comment_status":"open","ping_status":"open","sticky":false,"template":"","format":"standard","meta":{"footnotes":""},"categories":[25],"tags":[505,129,50,2993],"class_list":["post-38743","post","type-post","status-publish","format-standard","has-post-thumbnail","hentry","category-futbol","tag-ceza","tag-galatasaray","tag-mac","tag-yonelik"],"_links":{"self":[{"href":"https:\/\/haberbesiktas.tr\/index.php?rest_route=\/wp\/v2\/posts\/38743","targetHints":{"allow":["GET"]}}],"collection":[{"href":"https:\/\/haberbesiktas.tr\/index.php?rest_route=\/wp\/v2\/posts"}],"about":[{"href":"https:\/\/haberbesiktas.tr\/index.php?rest_route=\/wp\/v2\/types\/post"}],"author":[{"embeddable":true,"href":"https:\/\/haberbesiktas.tr\/index.php?rest_route=\/wp\/v2\/users\/1"}],"replies":[{"embeddable":true,"href":"https:\/\/haberbesiktas.tr\/index.php?rest_route=%2Fwp%2Fv2%2Fcomments&post=38743"}],"version-history":[{"count":1,"href":"https:\/\/haberbesiktas.tr\/index.php?rest_route=\/wp\/v2\/posts\/38743\/revisions"}],"predecessor-version":[{"id":38745,"href":"https:\/\/haberbesiktas.tr\/index.php?rest_route=\/wp\/v2\/posts\/38743\/revisions\/38745"}],"wp:featuredmedia":[{"embeddable":true,"href":"https:\/\/haberbesiktas.tr\/index.php?rest_route=\/wp\/v2\/media\/38744"}],"wp:attachment":[{"href":"https:\/\/haberbesiktas.tr\/index.php?rest_route=%2Fwp%2Fv2%2Fmedia&parent=38743"}],"wp:term":[{"taxonomy":"category","embeddable":true,"href":"https:\/\/haberbesiktas.tr\/index.php?rest_route=%2Fwp%2Fv2%2Fcategories&post=38743"},{"taxonomy":"post_tag","embeddable":true,"href":"https:\/\/haberbesiktas.tr\/index.php?rest_route=%2Fwp%2Fv2%2Ftags&post=38743"}],"curies":[{"name":"wp","href":"https:\/\/api.w.org\/{rel}","templated":true}]}}