{"id":38840,"date":"2025-06-18T05:12:07","date_gmt":"2025-06-18T05:12:07","guid":{"rendered":"https:\/\/haberbesiktas.tr\/?p=38840"},"modified":"2025-06-18T05:12:07","modified_gmt":"2025-06-18T05:12:07","slug":"emre-belozoglu-onemli-bir-galibiyet-aldik","status":"publish","type":"post","link":"https:\/\/haberbesiktas.tr\/?p=38840","title":{"rendered":"Emre Bel\u00f6zo\u011flu: &#8220;\u00d6nemli bir galibiyet ald\u0131k&#8221;"},"content":{"rendered":"<div>Trendyol Muhte\u015fem Lig&#8217;in 30. haftas\u0131nda konuk etti\u011fi Reeder Samsunspor&#8217;u 2-1 yenen Onvo Antalyaspor&#8217;da teknik y\u00f6netici Emre Bel\u00f6zo\u011flu, \u00e7ok k\u0131ymetli galibiyet ald\u0131klar\u0131n\u0131 s\u00f6yledi.<\/p>\n<p> Bel\u00f6zo\u011flu, Corendon Airlines Park Antalya Stad\u0131&#8217;nda oynanan ma\u00e7\u0131n akabinde d\u00fczenlenen bas\u0131n toplant\u0131s\u0131nda a\u00e7\u0131klamada bulundu.<\/p>\n<p> Akrabas\u0131 olan sanat\u00e7\u0131 Volkan Konak&#8217;\u0131n vefat\u0131ndan \u00f6t\u00fcr\u00fc h\u00fczn\u00fcn\u00fc lisana getirerek bas\u0131n toplant\u0131s\u0131na ba\u015flayan Bel\u00f6zo\u011flu, ma\u00e7a ait ise Samsunspor galibiyetiyle 39 puana ula\u015ft\u0131klar\u0131 ligde daha rahat pozisyona geldiklerini belirtti.<\/p>\n<p> Reeder Samsunspor&#8217;un e\u015fitli\u011fi yakalamas\u0131yla rakibi bask\u0131lamak i\u00e7in sert oyuncular\u0131 oyuna dahil etti\u011fini vurgulayan Bel\u00f6zo\u011flu, &#8220;\u00c7ok de\u011ferli bir galibiyet ald\u0131k. G\u00fczel oyunculara sahibim. Antalyaspor i\u00e7in \u00e7ok memnunum. Taraftara, oyuncular\u0131ma, y\u00f6neticilere te\u015fekk\u00fcr ediyorum. Amac\u0131m\u0131z her ma\u00e7\u0131 kazanmak. Ligde bizden 8 puan geride olan rakiplerimiz var. Yar\u0131n yeniden birbiriyle oynayacak rakiplerimiz var. Vazifeye geldi\u011fimizde ma\u00e7 ba\u015f\u0131 1,5 puan ortalama maksad\u0131m\u0131z vard\u0131. \u015eu anda bunun \u00fcst\u00fcne \u00e7\u0131km\u0131\u015f g\u00f6z\u00fck\u00fcyoruz.&#8221; diye konu\u015ftu.<\/p>\n<p> Bel\u00f6zo\u011flu, ligde kalan 8 ma\u00e7\u0131 kazanmalar\u0131 halinde gayelerinin de\u011fi\u015febilece\u011fini kelamlar\u0131na ekledi.\u00a0<\/p>\n<div>\u00a0<\/div>\n<\/div>\n","protected":false},"excerpt":{"rendered":"<p>Trendyol Harika Lig&#8217;in 30. haftas\u0131nda Reeder Samsunspor&#8217;u 2-1 ma\u011flup eden Onvo Antalyaspor&#8217;da teknik y\u00f6netici Emre Bel\u00f6zo\u011flu, ma\u00e7\u0131 k\u0131ymetlendirdi.<\/p>\n","protected":false},"author":1,"featured_media":38841,"comment_status":"open","ping_status":"open","sticky":false,"template":"","format":"standard","meta":{"footnotes":""},"categories":[25],"tags":[955,50],"class_list":["post-38840","post","type-post","status-publish","format-standard","has-post-thumbnail","hentry","category-futbol","tag-belozoglu","tag-mac"],"_links":{"self":[{"href":"https:\/\/haberbesiktas.tr\/index.php?rest_route=\/wp\/v2\/posts\/38840","targetHints":{"allow":["GET"]}}],"collection":[{"href":"https:\/\/haberbesiktas.tr\/index.php?rest_route=\/wp\/v2\/posts"}],"about":[{"href":"https:\/\/haberbesiktas.tr\/index.php?rest_route=\/wp\/v2\/types\/post"}],"author":[{"embeddable":true,"href":"https:\/\/haberbesiktas.tr\/index.php?rest_route=\/wp\/v2\/users\/1"}],"replies":[{"embeddable":true,"href":"https:\/\/haberbesiktas.tr\/index.php?rest_route=%2Fwp%2Fv2%2Fcomments&post=38840"}],"version-history":[{"count":1,"href":"https:\/\/haberbesiktas.tr\/index.php?rest_route=\/wp\/v2\/posts\/38840\/revisions"}],"predecessor-version":[{"id":38842,"href":"https:\/\/haberbesiktas.tr\/index.php?rest_route=\/wp\/v2\/posts\/38840\/revisions\/38842"}],"wp:featuredmedia":[{"embeddable":true,"href":"https:\/\/haberbesiktas.tr\/index.php?rest_route=\/wp\/v2\/media\/38841"}],"wp:attachment":[{"href":"https:\/\/haberbesiktas.tr\/index.php?rest_route=%2Fwp%2Fv2%2Fmedia&parent=38840"}],"wp:term":[{"taxonomy":"category","embeddable":true,"href":"https:\/\/haberbesiktas.tr\/index.php?rest_route=%2Fwp%2Fv2%2Fcategories&post=38840"},{"taxonomy":"post_tag","embeddable":true,"href":"https:\/\/haberbesiktas.tr\/index.php?rest_route=%2Fwp%2Fv2%2Ftags&post=38840"}],"curies":[{"name":"wp","href":"https:\/\/api.w.org\/{rel}","templated":true}]}}