{"id":38846,"date":"2025-06-18T05:36:09","date_gmt":"2025-06-18T05:36:09","guid":{"rendered":"https:\/\/haberbesiktas.tr\/?p=38846"},"modified":"2025-06-18T05:36:09","modified_gmt":"2025-06-18T05:36:09","slug":"barcelona-real-betis-macinda-firsati-kullanamadi","status":"publish","type":"post","link":"https:\/\/haberbesiktas.tr\/?p=38846","title":{"rendered":"Barcelona, Real Betis ma\u00e7\u0131nda f\u0131rsat\u0131 kullanamad\u0131!"},"content":{"rendered":"<div>\u0130spanya La Liga&#8217;n\u0131n 30. haftas\u0131nda Barcelona, alan\u0131nda Real Betis ile kar\u015f\u0131 kar\u015f\u0131ya geldi. Estadio Olimpico Lluis Company&#8217;te oynanan ma\u00e7 1-1 sona erdi.<\/p>\n<p> Barcelona, \u015fimdi 7. dakikada Gavi ile 1-0 \u00f6ne ge\u00e7ti. Real Betis, bu gole 17. dakikada Natan&#8217;\u0131n att\u0131\u011f\u0131 golle kar\u015f\u0131l\u0131k verdi.<\/p>\n<p> Gayrette di\u011fer gol olmad\u0131 ve Barcelona &#8211; Real Betis m\u00fcsabakas\u0131 1-1 sona erdi.<\/p>\n<p> Bu sonucun akabinde Barcelona&#8217;n\u0131n ligdeki dokuz ma\u00e7l\u0131k galibiyet serisi sona erdi. Real Betis ise ligde alt\u0131 ma\u00e7 sonra puan kaybetti.<\/p>\n<p> \u0130spanya La Liga&#8217;da Barcelona, 67 puana y\u00fckseldi. Real Betis, puan\u0131n\u0131 48 yapt\u0131.<\/p>\n<p><img decoding=\"async\" src=\"https:\/\/haberbesiktas.tr\/wp-content\/uploads\/2025\/06\/barcelona-real-betis-macinda-firsati-kullanamadi-0-HkqvfkmW.jpg\"\/><\/p>\n<p><strong>BARCELONA FIRSATI KULLANAMADI<\/strong><\/p>\n<p> Barcelona, Real Madrid&#8217;in Valencia&#8217;ya kaybetti\u011fi haftada ezeli rakibi ile puan fark\u0131n\u0131 6&#8217;ya \u00e7\u0131kartma f\u0131rsat\u0131n\u0131 kullanamad\u0131. \u0130spanya Ligi&#8217;nde 67 puanl\u0131 \u00f6nder Barcelona ile takip\u00e7isi 63 puanl\u0131 Real Madrid ortas\u0131nda 4 puan fark bulunuyor.<\/p>\n<p> \u0130spanya La Liga&#8217;n\u0131n bir sonraki haftas\u0131nda Barcelona, Leganes deplasman\u0131na gidecek. Real Betis, alan\u0131nda Villarreal ile kar\u015f\u0131 kar\u015f\u0131ya gelecek.<\/p>\n<\/div>\n","protected":false},"excerpt":{"rendered":"<p>La Liga&#8217;da Barcelona, alan\u0131nda Real Betis ile 1-1 berabere kald\u0131. Barcelona, Real Madrid&#8217;in Valencia&#8217;ya kaybetti\u011fi haftada puan fark\u0131n\u0131 6&#8217;ya \u00e7\u0131kartma f\u0131rsat\u0131n\u0131 ka\u00e7\u0131rd\u0131.<\/p>\n","protected":false},"author":1,"featured_media":38847,"comment_status":"open","ping_status":"open","sticky":false,"template":"","format":"standard","meta":{"footnotes":""},"categories":[25],"tags":[307,2253],"class_list":["post-38846","post","type-post","status-publish","format-standard","has-post-thumbnail","hentry","category-futbol","tag-barcelona","tag-real-betis"],"_links":{"self":[{"href":"https:\/\/haberbesiktas.tr\/index.php?rest_route=\/wp\/v2\/posts\/38846","targetHints":{"allow":["GET"]}}],"collection":[{"href":"https:\/\/haberbesiktas.tr\/index.php?rest_route=\/wp\/v2\/posts"}],"about":[{"href":"https:\/\/haberbesiktas.tr\/index.php?rest_route=\/wp\/v2\/types\/post"}],"author":[{"embeddable":true,"href":"https:\/\/haberbesiktas.tr\/index.php?rest_route=\/wp\/v2\/users\/1"}],"replies":[{"embeddable":true,"href":"https:\/\/haberbesiktas.tr\/index.php?rest_route=%2Fwp%2Fv2%2Fcomments&post=38846"}],"version-history":[{"count":1,"href":"https:\/\/haberbesiktas.tr\/index.php?rest_route=\/wp\/v2\/posts\/38846\/revisions"}],"predecessor-version":[{"id":38849,"href":"https:\/\/haberbesiktas.tr\/index.php?rest_route=\/wp\/v2\/posts\/38846\/revisions\/38849"}],"wp:featuredmedia":[{"embeddable":true,"href":"https:\/\/haberbesiktas.tr\/index.php?rest_route=\/wp\/v2\/media\/38847"}],"wp:attachment":[{"href":"https:\/\/haberbesiktas.tr\/index.php?rest_route=%2Fwp%2Fv2%2Fmedia&parent=38846"}],"wp:term":[{"taxonomy":"category","embeddable":true,"href":"https:\/\/haberbesiktas.tr\/index.php?rest_route=%2Fwp%2Fv2%2Fcategories&post=38846"},{"taxonomy":"post_tag","embeddable":true,"href":"https:\/\/haberbesiktas.tr\/index.php?rest_route=%2Fwp%2Fv2%2Ftags&post=38846"}],"curies":[{"name":"wp","href":"https:\/\/api.w.org\/{rel}","templated":true}]}}