{"id":38853,"date":"2025-06-18T06:00:22","date_gmt":"2025-06-18T06:00:22","guid":{"rendered":"https:\/\/haberbesiktas.tr\/?p=38853"},"modified":"2025-06-18T06:00:22","modified_gmt":"2025-06-18T06:00:22","slug":"baris-alper-yilmazin-babasindan-foti-icin-aciklama","status":"publish","type":"post","link":"https:\/\/haberbesiktas.tr\/?p=38853","title":{"rendered":"Bar\u0131\u015f Alper Y\u0131lmaz&#8217;\u0131n babas\u0131ndan Foti i\u00e7in a\u00e7\u0131klama!"},"content":{"rendered":"<div>Bar\u0131\u015f Alper Y\u0131lmaz&#8217;\u0131n babas\u0131 Y\u00fcksel Y\u0131lmaz, Fenerbah\u00e7e derbisinde ya\u015fanan olaylarla ilgili Beyaz Futbol&#8217;a konu\u015ftu.<\/p>\n<p> Y\u00fcksel Y\u0131lmaz, <strong>&#8220;Yani \u00e7ok s\u00f6ylenecek bir \u015fey yok. Bilgisizlik ve cahillik olarak g\u00f6r\u00fcr\u00fcm bu olay\u0131. Bir hocan\u0131n \u00f6\u011frencisine k\u00fcf\u00fcr etmesi acizliktir, cahilliktir, bilgisizliktir. \u00d6teki bir \u015fey s\u00f6ylemiyorum.&#8221;<\/strong> dedi.<\/p>\n<p> A\u00e7\u0131klamalar\u0131na devam eden baba Y\u0131lmaz, <strong>&#8220;\u00dcz\u00fcld\u00fcm. \u00c7ok \u00fcz\u00fcld\u00fcm. Ni\u00e7in \u00fcz\u00fcld\u00fcm, bir hoca, bir futbolcusuna k\u00fcf\u00fcr ve hakaret ediyorsa \u00fcz\u00fcld\u00fcm, \u00e7ok \u00fcz\u00fcld\u00fcm. Kendimi uygun hissetmedim.&#8221;<\/strong> diye konu\u015ftu.<\/p>\n<p> Ma\u00e7\u0131n akabinde Bar\u0131\u015f Alper&#8217;le konu\u015fmad\u0131\u011f\u0131n\u0131 s\u00f6yleyen Y\u00fcksel Y\u0131lmaz,<strong> &#8220;Ma\u00e7tan sonra Bar\u0131\u015f&#8217;la konu\u015fmad\u0131k. Diyalo\u011fumuz olmad\u0131. Ma\u00e7la ilgili en ufak bir konu\u015fmam\u0131z oldu. O orada kalm\u0131\u015f ve bitmi\u015ftir.&#8221;<\/strong> kelamlar\u0131n\u0131 sarf etti.<\/p>\n<p> Y\u00fcksel Y\u0131lmaz, son olarak, <strong>&#8220;Salvatore Foti&#8217;ye ne s\u00f6ylemek istersiniz?&#8221; <\/strong>sorusunun akabinde,<strong> &#8220;E\u011fitim als\u0131n, ruhsal takviye als\u0131n, mevkisini, nerede oldu\u011funu \u00f6\u011frensin. Kar\u015f\u0131s\u0131ndaki insanlar\u0131n ona ne kadar muhta\u00e7l\u0131\u011f\u0131 oldu\u011funu bilsin. O sorumlulu\u011fu ve \u015fuuru als\u0131n. Daha bir \u015fey s\u00f6ylemiyorum.<\/strong>&#8221; cevab\u0131n\u0131 verdi.<\/p>\n<\/div>\n","protected":false},"excerpt":{"rendered":"<p>Bar\u0131\u015f Alper Y\u0131lmaz&#8217;\u0131n babas\u0131 Y\u00fcksel Y\u0131lmaz, derbinin akabinde ya\u015fanan olaylarla ilgili a\u00e7\u0131klamada bulundu.<\/p>\n","protected":false},"author":1,"featured_media":38854,"comment_status":"open","ping_status":"open","sticky":false,"template":"","format":"standard","meta":{"footnotes":""},"categories":[25],"tags":[60],"class_list":["post-38853","post","type-post","status-publish","format-standard","has-post-thumbnail","hentry","category-futbol","tag-yilmaz"],"_links":{"self":[{"href":"https:\/\/haberbesiktas.tr\/index.php?rest_route=\/wp\/v2\/posts\/38853","targetHints":{"allow":["GET"]}}],"collection":[{"href":"https:\/\/haberbesiktas.tr\/index.php?rest_route=\/wp\/v2\/posts"}],"about":[{"href":"https:\/\/haberbesiktas.tr\/index.php?rest_route=\/wp\/v2\/types\/post"}],"author":[{"embeddable":true,"href":"https:\/\/haberbesiktas.tr\/index.php?rest_route=\/wp\/v2\/users\/1"}],"replies":[{"embeddable":true,"href":"https:\/\/haberbesiktas.tr\/index.php?rest_route=%2Fwp%2Fv2%2Fcomments&post=38853"}],"version-history":[{"count":1,"href":"https:\/\/haberbesiktas.tr\/index.php?rest_route=\/wp\/v2\/posts\/38853\/revisions"}],"predecessor-version":[{"id":38855,"href":"https:\/\/haberbesiktas.tr\/index.php?rest_route=\/wp\/v2\/posts\/38853\/revisions\/38855"}],"wp:featuredmedia":[{"embeddable":true,"href":"https:\/\/haberbesiktas.tr\/index.php?rest_route=\/wp\/v2\/media\/38854"}],"wp:attachment":[{"href":"https:\/\/haberbesiktas.tr\/index.php?rest_route=%2Fwp%2Fv2%2Fmedia&parent=38853"}],"wp:term":[{"taxonomy":"category","embeddable":true,"href":"https:\/\/haberbesiktas.tr\/index.php?rest_route=%2Fwp%2Fv2%2Fcategories&post=38853"},{"taxonomy":"post_tag","embeddable":true,"href":"https:\/\/haberbesiktas.tr\/index.php?rest_route=%2Fwp%2Fv2%2Ftags&post=38853"}],"curies":[{"name":"wp","href":"https:\/\/api.w.org\/{rel}","templated":true}]}}