{"id":38878,"date":"2025-06-18T07:24:09","date_gmt":"2025-06-18T07:24:09","guid":{"rendered":"https:\/\/haberbesiktas.tr\/?p=38878"},"modified":"2025-06-18T07:24:09","modified_gmt":"2025-06-18T07:24:09","slug":"fenerbahceden-cezalara-itiraz-karari","status":"publish","type":"post","link":"https:\/\/haberbesiktas.tr\/?p=38878","title":{"rendered":"Fenerbah\u00e7e&#8217;den cezalara itiraz karar\u0131"},"content":{"rendered":"<div>Fenerbah\u00e7e, PFDK cezalar\u0131n\u0131n harekete ge\u00e7iyor.<\/p>\n<p> Sar\u0131-lacivertliler, Jose Mourinho, Fred ve Mert Hakan Yanda\u015f&#8217;a verilen cezalar\u0131n akabinde Tahkim Konseyi&#8217;ne itirazda bulunacak.<\/p>\n<p> <strong>K\u0130M, NE CEZA ALDI<\/strong><\/p>\n<p> <strong>Jose Mourinho:<\/strong> 3 ma\u00e7 men cezas\u0131. Mourinho, cezas\u0131n\u0131 T\u00fcrkiye Kupas\u0131 ma\u00e7lar\u0131nda \u00e7ekecek.<br \/><strong>Fred:<\/strong> 3 ma\u00e7 men cezas\u0131. Fred, cezas\u0131n\u0131 T\u00fcrkiye Kupas\u0131 ma\u00e7lar\u0131nda \u00e7ekecek.<br \/><strong>Mert Hakan Yanda\u015f:<\/strong> 1 ma\u00e7 men cezas\u0131. Mert Hakan, cezas\u0131n\u0131 T\u00fcrkiye Kupas\u0131&#8217;nda tamamlayacak.<br \/><strong>Sandro Zufic:<\/strong> 4 ma\u00e7 men cezas\u0131.<br \/><strong>Salvatore Foti:<\/strong> 4 ma\u00e7 men cezas\u0131.<br \/><strong>Mario Branco:<\/strong> 117 Bin TL para cezas\u0131.<\/p>\n<p> <strong>\u015eENOL G\u00dcNE\u015e KARARI EMSAL OLDU<\/strong><\/p>\n<p> PFDK, cumartesi g\u00fcn\u00fc Fenerbah\u00e7e&#8217;nin talebi u\u0308zerine olag\u0306anu\u0308stu\u0308 toplan\u0131p, sar\u0131 lacivertlilerin derbi belgesini go\u0308ru\u0308s\u0327tu\u0308. Heyet, ak\u0131ndan 5-10 mac\u0327 ceza talebiyle sevk edilen Jose Mourinho&#8217;ya yaln\u0131zca 3 mac\u0327 ceza verdi.<\/p>\n<p> Portekizli teknik adama h\u00fccum yerine sportmenlig\u0306e ters hareketten ceza kesildi. PFDK, manzaralar\u0131 izledikten sonra tahrik indirimi yapt\u0131. Disiplin Kurulu, Ziraat Tu\u0308rkiye Kupas\u0131&#8217;nda 5 S\u0327ubat 2017&#8217;de oynanan Bes\u0327iktas\u0327-Fenerbahc\u0327e mac\u0327\u0131nda Be\u015fikta\u015f Teknik Direkto\u0308ru\u0308 S\u0327enol Gu\u0308nes\u0327&#8217;e Fenerbahc\u0327e&#8217;nin eski futbolcusu Simon Kjaer&#8217;in bog\u0306az\u0131n\u0131 s\u0131kt\u0131g\u0306\u0131 ic\u0327in bir mac\u0327 ceza vermis\u0327ti.<\/p>\n<p> <strong>TRABZON MA\u00c7INDA SAHADALAR<\/strong><\/p>\n<p> G\u00fcne\u015f karar\u0131 emsal oldu. Daha o\u0308nce de ceza ald\u0131g\u0306\u0131 ic\u0327in Mourinho&#8217;ya da Gu\u0308nes\u0327 \u00fczere sportmenlig\u0306e kar\u015f\u0131t hareketten ceza verilse de 1 yerine en u\u0308st limit olan 3 mac\u0327 ceza verildi. Hakem Cihan Ayd\u0131n&#8217;a hakaret eden Fred de 3 mac\u0327 ceza ald\u0131. PFDK&#8217;dan 4 mac\u0327tan az ceza ald\u0131klar\u0131 ic\u0327in Mourinho ve Fred cezalar\u0131n\u0131 gelecek y\u0131l Tu\u0308rkiye Kupas\u0131&#8217;nda c\u0327ekecek. I\u0307kili Trabzon mac\u0327\u0131nda alanda olacak.<\/p>\n<\/div>\n","protected":false},"excerpt":{"rendered":"<p>Fenerbah\u00e7e; Jose Mourinho, Fred, Mert Hakan Yanda\u015f&#8217;a verilen cezalar\u0131n akabinde bu cezalara itirazda bulunacak.<\/p>\n","protected":false},"author":1,"featured_media":38879,"comment_status":"open","ping_status":"open","sticky":false,"template":"","format":"standard","meta":{"footnotes":""},"categories":[25],"tags":[505,2138,704],"class_list":["post-38878","post","type-post","status-publish","format-standard","has-post-thumbnail","hentry","category-futbol","tag-ceza","tag-fred","tag-mourinho"],"_links":{"self":[{"href":"https:\/\/haberbesiktas.tr\/index.php?rest_route=\/wp\/v2\/posts\/38878","targetHints":{"allow":["GET"]}}],"collection":[{"href":"https:\/\/haberbesiktas.tr\/index.php?rest_route=\/wp\/v2\/posts"}],"about":[{"href":"https:\/\/haberbesiktas.tr\/index.php?rest_route=\/wp\/v2\/types\/post"}],"author":[{"embeddable":true,"href":"https:\/\/haberbesiktas.tr\/index.php?rest_route=\/wp\/v2\/users\/1"}],"replies":[{"embeddable":true,"href":"https:\/\/haberbesiktas.tr\/index.php?rest_route=%2Fwp%2Fv2%2Fcomments&post=38878"}],"version-history":[{"count":1,"href":"https:\/\/haberbesiktas.tr\/index.php?rest_route=\/wp\/v2\/posts\/38878\/revisions"}],"predecessor-version":[{"id":38880,"href":"https:\/\/haberbesiktas.tr\/index.php?rest_route=\/wp\/v2\/posts\/38878\/revisions\/38880"}],"wp:featuredmedia":[{"embeddable":true,"href":"https:\/\/haberbesiktas.tr\/index.php?rest_route=\/wp\/v2\/media\/38879"}],"wp:attachment":[{"href":"https:\/\/haberbesiktas.tr\/index.php?rest_route=%2Fwp%2Fv2%2Fmedia&parent=38878"}],"wp:term":[{"taxonomy":"category","embeddable":true,"href":"https:\/\/haberbesiktas.tr\/index.php?rest_route=%2Fwp%2Fv2%2Fcategories&post=38878"},{"taxonomy":"post_tag","embeddable":true,"href":"https:\/\/haberbesiktas.tr\/index.php?rest_route=%2Fwp%2Fv2%2Ftags&post=38878"}],"curies":[{"name":"wp","href":"https:\/\/api.w.org\/{rel}","templated":true}]}}