{"id":38917,"date":"2025-06-18T10:00:09","date_gmt":"2025-06-18T10:00:09","guid":{"rendered":"https:\/\/haberbesiktas.tr\/?p=38917"},"modified":"2025-06-18T10:00:09","modified_gmt":"2025-06-18T10:00:09","slug":"galatasarayda-kriz-sona-erdi-eren-elmali","status":"publish","type":"post","link":"https:\/\/haberbesiktas.tr\/?p=38917","title":{"rendered":"Galatasaray&#8217;da kriz sona erdi: Eren Elmal\u0131"},"content":{"rendered":"<div>Eren Elmal\u0131&#8230; Kas\u0131mpas\u0327a&#8217;da y\u0131ld\u0131z\u0131 parlad\u0131, Trabzonspor&#8217;da kendini gelis\u0327tirip Ulusal Kadro&#8217;ya kadar yu\u0308kseldi. Ancak onun akl\u0131 her vakit Galatasaray&#8217;dayd\u0131. Sar\u0131-k\u0131rm\u0131z\u0131l\u0131 forma ic\u0327in f\u0131rsat orta transfer do\u0308neminde kap\u0131y\u0131 c\u0327ald\u0131.<\/p>\n<p><strong>\u015eENOL G\u00dcNE\u015e&#8217;\u0130 D\u0130NLEMED\u0130<\/strong><\/p>\n<p> Ulusal futbolcu, tuttu\u011fu kadrodan teklif gelince adeta havalara uc\u0327tu. Go\u0308zu\u0308 hic\u0327bir s\u0327eyi go\u0308rmu\u0308yordu. O\u0308nce Frans\u0131z grubu Nantes, akabinde Fenerbahc\u0327e&#8217;den gelen teklifleri reddetti. Galatasaray ile yap\u0131lan go\u0308ru\u0308s\u0327meler uzun su\u0308rdu\u0308, solug\u0306u S\u0327enol Gu\u0308nes\u0327&#8217;in yan\u0131nda ald\u0131. Tecru\u0308beli hoca ekipte kalmas\u0131n\u0131 istese de dinlemedi.<\/p>\n<p><strong>TAM \u0130SABET<\/strong><\/p>\n<p> Transferin son g\u00fcn\u00fcnde hayaline kavus\u0327tu. Sar\u0131-k\u0131rm\u0131z\u0131l\u0131 taraftarlar, Eren Elmal\u0131 transferi ic\u0327in c\u0327ok da memnun deg\u0306ildi. Lakin k\u0131sa su\u0308rede birinci 11&#8217;in vazgec\u0327ilmezleri ortas\u0131na girdi. Fenerbahc\u0327e derbisindeki performans\u0131 ise <strong>&#8220;Tam isabet&#8221;<\/strong> dedirtti. 24 yas\u0327\u0131ndaki Eren, Galatasaray&#8217;\u0131n y\u0131llard\u0131r devam eden bek krizini bitirdi.<\/p>\n<\/div>\n","protected":false},"excerpt":{"rendered":"<p>Galatasaray&#8217;\u0131n devre ortas\u0131 transfer periyodunda tak\u0131m\u0131na katt\u0131\u011f\u0131 Eren Elmal\u0131, performans\u0131yla sol bekte ya\u015fanan krizi bitirdi.<\/p>\n","protected":false},"author":1,"featured_media":38918,"comment_status":"open","ping_status":"open","sticky":false,"template":"","format":"standard","meta":{"footnotes":""},"categories":[25],"tags":[],"class_list":["post-38917","post","type-post","status-publish","format-standard","has-post-thumbnail","hentry","category-futbol"],"_links":{"self":[{"href":"https:\/\/haberbesiktas.tr\/index.php?rest_route=\/wp\/v2\/posts\/38917","targetHints":{"allow":["GET"]}}],"collection":[{"href":"https:\/\/haberbesiktas.tr\/index.php?rest_route=\/wp\/v2\/posts"}],"about":[{"href":"https:\/\/haberbesiktas.tr\/index.php?rest_route=\/wp\/v2\/types\/post"}],"author":[{"embeddable":true,"href":"https:\/\/haberbesiktas.tr\/index.php?rest_route=\/wp\/v2\/users\/1"}],"replies":[{"embeddable":true,"href":"https:\/\/haberbesiktas.tr\/index.php?rest_route=%2Fwp%2Fv2%2Fcomments&post=38917"}],"version-history":[{"count":1,"href":"https:\/\/haberbesiktas.tr\/index.php?rest_route=\/wp\/v2\/posts\/38917\/revisions"}],"predecessor-version":[{"id":38919,"href":"https:\/\/haberbesiktas.tr\/index.php?rest_route=\/wp\/v2\/posts\/38917\/revisions\/38919"}],"wp:featuredmedia":[{"embeddable":true,"href":"https:\/\/haberbesiktas.tr\/index.php?rest_route=\/wp\/v2\/media\/38918"}],"wp:attachment":[{"href":"https:\/\/haberbesiktas.tr\/index.php?rest_route=%2Fwp%2Fv2%2Fmedia&parent=38917"}],"wp:term":[{"taxonomy":"category","embeddable":true,"href":"https:\/\/haberbesiktas.tr\/index.php?rest_route=%2Fwp%2Fv2%2Fcategories&post=38917"},{"taxonomy":"post_tag","embeddable":true,"href":"https:\/\/haberbesiktas.tr\/index.php?rest_route=%2Fwp%2Fv2%2Ftags&post=38917"}],"curies":[{"name":"wp","href":"https:\/\/api.w.org\/{rel}","templated":true}]}}