{"id":38923,"date":"2025-06-18T10:24:09","date_gmt":"2025-06-18T10:24:09","guid":{"rendered":"https:\/\/haberbesiktas.tr\/?p=38923"},"modified":"2025-06-18T10:24:09","modified_gmt":"2025-06-18T10:24:09","slug":"fenerbahce-icin-bir-mactan-daha-fazlasi","status":"publish","type":"post","link":"https:\/\/haberbesiktas.tr\/?p=38923","title":{"rendered":"Fenerbah\u00e7e i\u00e7in bir ma\u00e7tan daha fazlas\u0131!"},"content":{"rendered":"<div>UEFA Avrupa Ligi&#8217;nde Rangers&#8217;a yenilen, Ziraat T\u00fcrkiye Kupas\u0131 \u00c7eyrek Finali&#8217;nde ezeli rakibi Galatasaray&#8217;a ma\u011flup olan Fenerbah\u00e7e&#8217;de tek hedef lig \u015fampiyonlu\u011fu.\u00a0<\/p>\n<p>Sar\u0131-Lacivertliler, Trabzonspor ma\u00e7\u0131ndan galibiyetle ayr\u0131larak ba\u015fkan Galatasaray&#8217;\u0131n BAY ge\u00e7ti\u011fi haftada puan fark\u0131n\u0131 \u00fc\u00e7e indirmek istiyor.<\/p>\n<p><strong>&#8216;Y\u00d6NET\u0130M \u0130ST\u0130FA&#8217; SESLER\u0130 ARTAB\u0130L\u0130R<\/strong><\/p>\n<p>Galatasaray kar\u015f\u0131s\u0131nda sergilenen oyundan ve d\u00f6nemin Sar\u0131-K\u0131rm\u0131z\u0131l\u0131lar&#8217;a kar\u015f\u0131 galibiyet al\u0131namadan noktalanmas\u0131 sebebiyle Fenerbah\u00e7e taraftar\u0131, gruba bir epey hudutlu. \u0130dare, Trabzonspor ma\u00e7\u0131n\u0131 bir bar\u0131\u015fma ma\u00e7\u0131 olarak g\u00f6r\u00fcyor ve galibiyeti epey \u00f6nemsiyor.\u00a0<\/p>\n<p>Fenerbah\u00e7e, meskeninde Trabzonspor&#8217;a kaybetti\u011fi takdirde idare aleyhinde tezah\u00fcratlar\u0131n \u00e7o\u011falmas\u0131 ve kongre ihtimalinin topluluk i\u00e7erisinde konu\u015fulmas\u0131 bekleniyor.<\/p>\n<p>MOURINHO \u0130\u00c7\u0130N DE GEREKL\u0130<\/p>\n<p>Sar\u0131-Lacivertliler&#8217;de ele\u015ftirilen bir \u00f6b\u00fcr isimse teknik y\u00f6netici Jose Mourinho. D\u00f6nem boyunca oynanan 4 derbiden de galibiyet \u00e7\u0131kartamayan Portekizli teknik adam, ligde kazand\u0131\u011f\u0131 tek b\u00fcy\u00fck ma\u00e7 olan Trabzonspor&#8217;a kar\u015f\u0131 bir sefer daha alanda olacak.\u00a0<\/p>\n<p>Kadro tercihleri ve oynatt\u0131\u011f\u0131 oyun ile reaksiyonlar\u0131 \u00fczerine \u00e7\u0131kan Mourinho&#8217;nun Trabzonspor ma\u00e7\u0131na epeyce k\u0131ymet verdi\u011fi tabir edildi. Oyuncu k\u00fcmesinin ise al\u0131nan mak\u00fbs sonu\u00e7lar\u0131n akabinde kendi ortalar\u0131nda yapt\u0131\u011f\u0131 toplant\u0131larda &#8216;galibiyet s\u00f6z\u00fc&#8217; verdikleri bildirildi.\u00a0 <\/p>\n<div>\u00a0<\/div>\n<\/div>\n","protected":false},"excerpt":{"rendered":"<p>Fenerbah\u00e7e&#8217;de futbolcudan taraftar\u0131na herkes, Trabzonspor ma\u00e7\u0131n\u0131n bu d\u00f6nem \u00e7\u0131k\u0131lacak en k\u0131ymetli ma\u00e7lardan biri oldu\u011funun fark\u0131nda. Fenerbah\u00e7e galip gelirse, Galatasaray ile ortas\u0131ndaki puan fark\u0131n\u0131 \u00fc\u00e7e indirecek.<\/p>\n","protected":false},"author":1,"featured_media":38924,"comment_status":"open","ping_status":"open","sticky":false,"template":"","format":"standard","meta":{"footnotes":""},"categories":[25],"tags":[242,50,98],"class_list":["post-38923","post","type-post","status-publish","format-standard","has-post-thumbnail","hentry","category-futbol","tag-galibiyet","tag-mac","tag-trabzonspor"],"_links":{"self":[{"href":"https:\/\/haberbesiktas.tr\/index.php?rest_route=\/wp\/v2\/posts\/38923","targetHints":{"allow":["GET"]}}],"collection":[{"href":"https:\/\/haberbesiktas.tr\/index.php?rest_route=\/wp\/v2\/posts"}],"about":[{"href":"https:\/\/haberbesiktas.tr\/index.php?rest_route=\/wp\/v2\/types\/post"}],"author":[{"embeddable":true,"href":"https:\/\/haberbesiktas.tr\/index.php?rest_route=\/wp\/v2\/users\/1"}],"replies":[{"embeddable":true,"href":"https:\/\/haberbesiktas.tr\/index.php?rest_route=%2Fwp%2Fv2%2Fcomments&post=38923"}],"version-history":[{"count":1,"href":"https:\/\/haberbesiktas.tr\/index.php?rest_route=\/wp\/v2\/posts\/38923\/revisions"}],"predecessor-version":[{"id":38925,"href":"https:\/\/haberbesiktas.tr\/index.php?rest_route=\/wp\/v2\/posts\/38923\/revisions\/38925"}],"wp:featuredmedia":[{"embeddable":true,"href":"https:\/\/haberbesiktas.tr\/index.php?rest_route=\/wp\/v2\/media\/38924"}],"wp:attachment":[{"href":"https:\/\/haberbesiktas.tr\/index.php?rest_route=%2Fwp%2Fv2%2Fmedia&parent=38923"}],"wp:term":[{"taxonomy":"category","embeddable":true,"href":"https:\/\/haberbesiktas.tr\/index.php?rest_route=%2Fwp%2Fv2%2Fcategories&post=38923"},{"taxonomy":"post_tag","embeddable":true,"href":"https:\/\/haberbesiktas.tr\/index.php?rest_route=%2Fwp%2Fv2%2Ftags&post=38923"}],"curies":[{"name":"wp","href":"https:\/\/api.w.org\/{rel}","templated":true}]}}