{"id":38932,"date":"2025-06-18T11:00:11","date_gmt":"2025-06-18T11:00:11","guid":{"rendered":"https:\/\/haberbesiktas.tr\/?p=38932"},"modified":"2025-06-18T11:00:11","modified_gmt":"2025-06-18T11:00:11","slug":"luiz-gustavo-hastaneye-kaldirildi","status":"publish","type":"post","link":"https:\/\/haberbesiktas.tr\/?p=38932","title":{"rendered":"Luiz Gustavo, hastaneye kald\u0131r\u0131ld\u0131!"},"content":{"rendered":"<div>Sao Paulo formas\u0131 giyen Luiz Gustavo, hastaneye kald\u0131r\u0131ld\u0131.<\/p>\n<p> Brezilya grubu, 37 ya\u015f\u0131ndaki futbolcunun g\u00f6\u011f\u00fcs a\u011fr\u0131s\u0131 \u015fikayetlerinin akabinde s\u0131hhat grubu taraf\u0131ndan tetkik edildi\u011fini ve Gustavo&#8217;nun hastaneye kald\u0131r\u0131ld\u0131\u011f\u0131n\u0131 a\u00e7\u0131klad\u0131.<\/p>\n<p> Gustavo, birka\u00e7 g\u00fcn hastanede m\u00fc\u015fahede alt\u0131nda tutulacak.<\/p>\n<p> 2019-2022 y\u0131llar\u0131 ortas\u0131nda Fenerbahc\u0327e formas\u0131 giyen Luiz Gustavo, sar\u0131-lacivertlilerde 97 ma\u00e7ta 5 gol, 3 asistlik performans sergilemi\u015fti.<\/p>\n<\/div>\n","protected":false},"excerpt":{"rendered":"<p>Sao Paulo, g\u00f6\u011f\u00fcs a\u011fr\u0131lar\u0131n\u0131n akabinde Luiz Gustavo&#8217;nun hastaneye kald\u0131r\u0131ld\u0131\u011f\u0131n\u0131 ve 37 ya\u015f\u0131ndaki futbolcunun birka\u00e7 g\u00fcn m\u00fc\u015fahede alt\u0131nda tutulaca\u011f\u0131n\u0131 a\u00e7\u0131klad\u0131.<\/p>\n","protected":false},"author":1,"featured_media":38933,"comment_status":"open","ping_status":"open","sticky":false,"template":"","format":"standard","meta":{"footnotes":""},"categories":[25],"tags":[],"class_list":["post-38932","post","type-post","status-publish","format-standard","has-post-thumbnail","hentry","category-futbol"],"_links":{"self":[{"href":"https:\/\/haberbesiktas.tr\/index.php?rest_route=\/wp\/v2\/posts\/38932","targetHints":{"allow":["GET"]}}],"collection":[{"href":"https:\/\/haberbesiktas.tr\/index.php?rest_route=\/wp\/v2\/posts"}],"about":[{"href":"https:\/\/haberbesiktas.tr\/index.php?rest_route=\/wp\/v2\/types\/post"}],"author":[{"embeddable":true,"href":"https:\/\/haberbesiktas.tr\/index.php?rest_route=\/wp\/v2\/users\/1"}],"replies":[{"embeddable":true,"href":"https:\/\/haberbesiktas.tr\/index.php?rest_route=%2Fwp%2Fv2%2Fcomments&post=38932"}],"version-history":[{"count":1,"href":"https:\/\/haberbesiktas.tr\/index.php?rest_route=\/wp\/v2\/posts\/38932\/revisions"}],"predecessor-version":[{"id":38934,"href":"https:\/\/haberbesiktas.tr\/index.php?rest_route=\/wp\/v2\/posts\/38932\/revisions\/38934"}],"wp:featuredmedia":[{"embeddable":true,"href":"https:\/\/haberbesiktas.tr\/index.php?rest_route=\/wp\/v2\/media\/38933"}],"wp:attachment":[{"href":"https:\/\/haberbesiktas.tr\/index.php?rest_route=%2Fwp%2Fv2%2Fmedia&parent=38932"}],"wp:term":[{"taxonomy":"category","embeddable":true,"href":"https:\/\/haberbesiktas.tr\/index.php?rest_route=%2Fwp%2Fv2%2Fcategories&post=38932"},{"taxonomy":"post_tag","embeddable":true,"href":"https:\/\/haberbesiktas.tr\/index.php?rest_route=%2Fwp%2Fv2%2Ftags&post=38932"}],"curies":[{"name":"wp","href":"https:\/\/api.w.org\/{rel}","templated":true}]}}