{"id":38935,"date":"2025-06-18T11:12:13","date_gmt":"2025-06-18T11:12:13","guid":{"rendered":"https:\/\/haberbesiktas.tr\/?p=38935"},"modified":"2025-06-18T11:12:13","modified_gmt":"2025-06-18T11:12:13","slug":"galatasarayda-gozler-berke-ozerde","status":"publish","type":"post","link":"https:\/\/haberbesiktas.tr\/?p=38935","title":{"rendered":"Galatasaray&#8217;da g\u00f6zler Berke \u00d6zer&#8217;de!"},"content":{"rendered":"<div>Galatasaray, yeni d\u00f6nem \u00f6ncesi kaleci transferi konusunda \u00e7al\u0131\u015fmalar\u0131n\u0131 titizlikle y\u00fcr\u00fct\u00fcyor.<\/p>\n<p> Fernando Muslera&#8217;n\u0131n vedas\u0131 beklenirken kaleci alternatifleri \u00fczerinde \u00e7al\u0131\u015f\u0131l\u0131yor. Bu kapsamda Berke \u00d6zer ismi \u00f6n plana \u00e7\u0131k\u0131yor.<\/p>\n<p> <strong>\u0130LK SIRALARDA<\/strong><\/p>\n<p> Galatasaray yabanc\u0131 kaleci alsa bile Berke \u00d6zer konusunda \u0131srarc\u0131 olacak. Ey\u00fcpspor&#8217;daki performans\u0131yla tam not alan Berke, hem yerli ve gen\u00e7 olmas\u0131 hem de Okan Buruk&#8217;un be\u011fenisiyle listede birinci s\u0131ralarda yer al\u0131yor.<\/p>\n<p> <strong>GALATASARAY FORMASI G\u0130YMEYE SICAK<\/strong><\/p>\n<p> 24 ya\u015f\u0131ndaki ulusal kalecinin de Galatasaray formas\u0131 giymeye s\u0131cak bakt\u0131\u011f\u0131 bildirildi. D\u00f6nem sonunda g\u00f6r\u00fc\u015fmelerin resmi basama\u011fa gelmesi bekleniyor.<\/p>\n<p> <strong>U\u011eURCAN&#8217;I YAKALADI<\/strong><\/p>\n<p> Trendyol S\u00fcper Lig&#8217;de en \u00e7ok kurtar\u0131\u015f yapan kaleciler ortas\u0131nda yer alan Berke \u00d6zer, Trabzonspor kalecisi U\u011furcan \u00c7ak\u0131r&#8217;\u0131 yakalad\u0131. 27 ma\u00e7ta 100 kurtar\u0131\u015f yapan Berke, U\u011furcan&#8217;la birebir say\u0131ya ula\u015ft\u0131. Berke, Ey\u00fcpspor formas\u0131yla bu d\u00f6nem b\u00fcy\u00fck ma\u00e7larda isminden kelam ettirdi.\u00a0 \u00a0<\/p>\n<div>\u00a0<\/div>\n<\/div>\n","protected":false},"excerpt":{"rendered":"<p>Galatasaray, yabanc\u0131 kaleci alsa bile Berke \u00d6zer konusunda \u0131srarc\u0131 olacak. Ey\u00fcpspor&#8217;daki performans\u0131yla tam not alan Berke, hem yerli ve gen\u00e7 olmas\u0131 hem de Okan Buruk&#8217;un be\u011fenisiyle listede birinci s\u0131ralarda yer al\u0131yor.<\/p>\n","protected":false},"author":1,"featured_media":38936,"comment_status":"open","ping_status":"open","sticky":false,"template":"","format":"standard","meta":{"footnotes":""},"categories":[25],"tags":[1018,1720],"class_list":["post-38935","post","type-post","status-publish","format-standard","has-post-thumbnail","hentry","category-futbol","tag-berke","tag-kaleci"],"_links":{"self":[{"href":"https:\/\/haberbesiktas.tr\/index.php?rest_route=\/wp\/v2\/posts\/38935","targetHints":{"allow":["GET"]}}],"collection":[{"href":"https:\/\/haberbesiktas.tr\/index.php?rest_route=\/wp\/v2\/posts"}],"about":[{"href":"https:\/\/haberbesiktas.tr\/index.php?rest_route=\/wp\/v2\/types\/post"}],"author":[{"embeddable":true,"href":"https:\/\/haberbesiktas.tr\/index.php?rest_route=\/wp\/v2\/users\/1"}],"replies":[{"embeddable":true,"href":"https:\/\/haberbesiktas.tr\/index.php?rest_route=%2Fwp%2Fv2%2Fcomments&post=38935"}],"version-history":[{"count":1,"href":"https:\/\/haberbesiktas.tr\/index.php?rest_route=\/wp\/v2\/posts\/38935\/revisions"}],"predecessor-version":[{"id":38937,"href":"https:\/\/haberbesiktas.tr\/index.php?rest_route=\/wp\/v2\/posts\/38935\/revisions\/38937"}],"wp:featuredmedia":[{"embeddable":true,"href":"https:\/\/haberbesiktas.tr\/index.php?rest_route=\/wp\/v2\/media\/38936"}],"wp:attachment":[{"href":"https:\/\/haberbesiktas.tr\/index.php?rest_route=%2Fwp%2Fv2%2Fmedia&parent=38935"}],"wp:term":[{"taxonomy":"category","embeddable":true,"href":"https:\/\/haberbesiktas.tr\/index.php?rest_route=%2Fwp%2Fv2%2Fcategories&post=38935"},{"taxonomy":"post_tag","embeddable":true,"href":"https:\/\/haberbesiktas.tr\/index.php?rest_route=%2Fwp%2Fv2%2Ftags&post=38935"}],"curies":[{"name":"wp","href":"https:\/\/api.w.org\/{rel}","templated":true}]}}