{"id":38986,"date":"2025-06-18T14:36:10","date_gmt":"2025-06-18T14:36:10","guid":{"rendered":"https:\/\/haberbesiktas.tr\/?p=38986"},"modified":"2025-06-18T14:36:10","modified_gmt":"2025-06-18T14:36:10","slug":"milli-badmintoncular-avrupa-sampiyonasinda-korta-cikacak","status":"publish","type":"post","link":"https:\/\/haberbesiktas.tr\/?p=38986","title":{"rendered":"Milli badmintoncular, Avrupa \u015eampiyonas\u0131&#8217;nda korta \u00e7\u0131kacak"},"content":{"rendered":"<p>Ulusal atletlerin da kat\u0131laca\u011f\u0131 Avrupa Badminton \u015eampiyonas\u0131, 8-13 Nisan tarihlerinde Danimarka&#8217;da d\u00fczenlenecek.<\/p>\n<p> Horsens kentinde yap\u0131lacak 31. Avrupa Badminton \u015eampiyonas\u0131&#8217;nda T\u00fcrkiye&#8217;den 5 isim \u00e7aba edecek. Neslihan Ar\u0131n, \u00d6zge Bayrak Ba\u011fc\u0131 ve Ravza Bodur tek bayanlar, Bengisu Er\u00e7etin ile Nazl\u0131can \u0130nci ise \u00e7ift bayanlar kategorisinde korta \u00e7\u0131kacak.<\/p>\n<p> Neslihan, \u00d6zge ve Ravza teklerde, Bengisu ile Nazl\u0131can da \u00e7iftlerde Avrupa \u015eampiyonas\u0131&#8217;nda final oynayan birinci T\u00fcrk badmintoncular olmaya \u00e7al\u0131\u015facak.<\/p>\n<p> Avrupa B\u00fcy\u00fckler Badminton \u015eampiyonas\u0131&#8217;nda Neslihan&#8217;\u0131n 3 (2021, 2022, 2024), \u00d6zge (2014) ve Bengisu-Nazl\u0131can \u00e7iftinin (2024) ise birer bronz madalyas\u0131 bulunuyor.<\/p>\n","protected":false},"excerpt":{"rendered":"<p>Ulusal sportmenlerin da kat\u0131laca\u011f\u0131 Avrupa Badminton \u015eampiyonas\u0131, 8-13 Nisan tarihlerinde Danimarka&#8217;da d\u00fczenlenecek.<\/p>\n","protected":false},"author":1,"featured_media":38987,"comment_status":"open","ping_status":"open","sticky":false,"template":"","format":"standard","meta":{"footnotes":""},"categories":[27],"tags":[],"class_list":["post-38986","post","type-post","status-publish","format-standard","has-post-thumbnail","hentry","category-guncel-haberler"],"_links":{"self":[{"href":"https:\/\/haberbesiktas.tr\/index.php?rest_route=\/wp\/v2\/posts\/38986","targetHints":{"allow":["GET"]}}],"collection":[{"href":"https:\/\/haberbesiktas.tr\/index.php?rest_route=\/wp\/v2\/posts"}],"about":[{"href":"https:\/\/haberbesiktas.tr\/index.php?rest_route=\/wp\/v2\/types\/post"}],"author":[{"embeddable":true,"href":"https:\/\/haberbesiktas.tr\/index.php?rest_route=\/wp\/v2\/users\/1"}],"replies":[{"embeddable":true,"href":"https:\/\/haberbesiktas.tr\/index.php?rest_route=%2Fwp%2Fv2%2Fcomments&post=38986"}],"version-history":[{"count":1,"href":"https:\/\/haberbesiktas.tr\/index.php?rest_route=\/wp\/v2\/posts\/38986\/revisions"}],"predecessor-version":[{"id":38988,"href":"https:\/\/haberbesiktas.tr\/index.php?rest_route=\/wp\/v2\/posts\/38986\/revisions\/38988"}],"wp:featuredmedia":[{"embeddable":true,"href":"https:\/\/haberbesiktas.tr\/index.php?rest_route=\/wp\/v2\/media\/38987"}],"wp:attachment":[{"href":"https:\/\/haberbesiktas.tr\/index.php?rest_route=%2Fwp%2Fv2%2Fmedia&parent=38986"}],"wp:term":[{"taxonomy":"category","embeddable":true,"href":"https:\/\/haberbesiktas.tr\/index.php?rest_route=%2Fwp%2Fv2%2Fcategories&post=38986"},{"taxonomy":"post_tag","embeddable":true,"href":"https:\/\/haberbesiktas.tr\/index.php?rest_route=%2Fwp%2Fv2%2Ftags&post=38986"}],"curies":[{"name":"wp","href":"https:\/\/api.w.org\/{rel}","templated":true}]}}