{"id":38989,"date":"2025-06-18T14:48:06","date_gmt":"2025-06-18T14:48:06","guid":{"rendered":"https:\/\/haberbesiktas.tr\/?p=38989"},"modified":"2025-06-18T14:48:06","modified_gmt":"2025-06-18T14:48:06","slug":"antalyada-gerceklestirilen-20-uluslararasi-runtalya-maratonu-basladi","status":"publish","type":"post","link":"https:\/\/haberbesiktas.tr\/?p=38989","title":{"rendered":"Antalya&#8217;da ger\u00e7ekle\u015ftirilen 20. Uluslararas\u0131 Runtalya Maratonu ba\u015flad\u0131"},"content":{"rendered":"<p><span><span>Antalya&#8217;da bu y\u0131l 20&#8217;ncisi d\u00fczenlenen Milletleraras\u0131 Runtalya Maratonu&#8217;nda, 65 \u00fclkeden 1800&#8217;\u00fc yabanc\u0131 yakla\u015f\u0131k 10 bin ko\u015fucunun i\u015ftirakiyle yar\u0131\u015f heyecan\u0131 ba\u015flad\u0131.\u00a0<\/span><\/span> Gen\u00e7lik ve Spor Bakanl\u0131\u011f\u0131n\u0131n himayesinde, Antalya Valili\u011finin uyumunda ve B\u00fcy\u00fck\u015fehir Belediyesinin dayanaklar\u0131yla Turset Project Management taraf\u0131ndan 2006&#8217;dan bu yana d\u00fczenlenen maraton; profesyonelleri, amat\u00f6rleri, markalar\u0131 ve sivil toplum \u00f6rg\u00fctlerini birebir \u00e7at\u0131 alt\u0131nda bulu\u015fturdu.<\/p>\n<p> Atat\u00fcrk K\u00fclt\u00fcr Merkezi&#8217;nin \u00f6n\u00fcnden ba\u015flayan yar\u0131\u015flar\u0131n start\u0131n\u0131 Antalya Valisi Hulusi \u015eahin ve beraberindeki kent protokol\u00fc verdi.<\/p>\n<p> Tertipte, 65 \u00fclkeden 1800&#8217;\u00fc yabanc\u0131 yakla\u015f\u0131k 10 bin ko\u015fucunun i\u015ftirakiyle 5K, 10K, 21K, 42K, 10K Teams Run yar\u0131\u015flar\u0131 ko\u015fulacak.<\/p>\n<p> Yar\u0131\u015f sonunda \u00e7e\u015fitli konser ve parti aktiflikleri yap\u0131lacak. Tertipte dereceye giren atletlere d\u00fczenlenecek merasimle m\u00fckafatlar\u0131 verilecek.<\/p>\n<p> Maratonda ayr\u0131yeten birtak\u0131m ko\u015fucular giydikleri renkli k\u0131yafetlerle dikkati \u00e7ekerken, bir sportmen omzunda k\u00fct\u00fck ile ko\u015ftu. Birtak\u0131m yar\u0131\u015fmac\u0131lar kucaklar\u0131nda \u00e7ocuklar\u0131, evcil hayvanlar\u0131 ve bebek otomobilleriyle ko\u015farken kimileri da ellerinde \u00e7e\u015fitli pankartlar ta\u015f\u0131d\u0131.<\/p>\n","protected":false},"excerpt":{"rendered":"<p>Antalya&#8217;da bu y\u0131l 20&#8217;ncisi d\u00fczenlenen Milletleraras\u0131 Runtalya Maratonu&#8217;nda, 65 \u00fclkeden 1800&#8217;\u00fc yabanc\u0131 yakla\u015f\u0131k 10 bin ko\u015fucunun i\u015ftirakiyle yar\u0131\u015f heyecan\u0131 ba\u015flad\u0131.<\/p>\n","protected":false},"author":1,"featured_media":38990,"comment_status":"open","ping_status":"open","sticky":false,"template":"","format":"standard","meta":{"footnotes":""},"categories":[27],"tags":[88],"class_list":["post-38989","post","type-post","status-publish","format-standard","has-post-thumbnail","hentry","category-guncel-haberler","tag-yaris"],"_links":{"self":[{"href":"https:\/\/haberbesiktas.tr\/index.php?rest_route=\/wp\/v2\/posts\/38989","targetHints":{"allow":["GET"]}}],"collection":[{"href":"https:\/\/haberbesiktas.tr\/index.php?rest_route=\/wp\/v2\/posts"}],"about":[{"href":"https:\/\/haberbesiktas.tr\/index.php?rest_route=\/wp\/v2\/types\/post"}],"author":[{"embeddable":true,"href":"https:\/\/haberbesiktas.tr\/index.php?rest_route=\/wp\/v2\/users\/1"}],"replies":[{"embeddable":true,"href":"https:\/\/haberbesiktas.tr\/index.php?rest_route=%2Fwp%2Fv2%2Fcomments&post=38989"}],"version-history":[{"count":1,"href":"https:\/\/haberbesiktas.tr\/index.php?rest_route=\/wp\/v2\/posts\/38989\/revisions"}],"predecessor-version":[{"id":38991,"href":"https:\/\/haberbesiktas.tr\/index.php?rest_route=\/wp\/v2\/posts\/38989\/revisions\/38991"}],"wp:featuredmedia":[{"embeddable":true,"href":"https:\/\/haberbesiktas.tr\/index.php?rest_route=\/wp\/v2\/media\/38990"}],"wp:attachment":[{"href":"https:\/\/haberbesiktas.tr\/index.php?rest_route=%2Fwp%2Fv2%2Fmedia&parent=38989"}],"wp:term":[{"taxonomy":"category","embeddable":true,"href":"https:\/\/haberbesiktas.tr\/index.php?rest_route=%2Fwp%2Fv2%2Fcategories&post=38989"},{"taxonomy":"post_tag","embeddable":true,"href":"https:\/\/haberbesiktas.tr\/index.php?rest_route=%2Fwp%2Fv2%2Ftags&post=38989"}],"curies":[{"name":"wp","href":"https:\/\/api.w.org\/{rel}","templated":true}]}}