{"id":38992,"date":"2025-06-18T15:00:09","date_gmt":"2025-06-18T15:00:09","guid":{"rendered":"https:\/\/haberbesiktas.tr\/?p=38992"},"modified":"2025-06-18T15:00:09","modified_gmt":"2025-06-18T15:00:09","slug":"hansi-flick-real-madrid-umurumda-degil","status":"publish","type":"post","link":"https:\/\/haberbesiktas.tr\/?p=38992","title":{"rendered":"Hansi Flick: &#8220;Real Madrid umurumda de\u011fil!&#8221;"},"content":{"rendered":"<div>\u0130spanya La Liga&#8217;da dorukta k\u0131ymetli sonu\u00e7lar al\u0131nd\u0131.<\/p>\n<p> Real Madrid, alan\u0131nda a\u011f\u0131rlad\u0131\u011f\u0131 Valencia&#8217;ya 2-1&#8217;lik skorla ma\u011flup oldu. Barcelona ise alan\u0131nda Real Betis ile 1-1 berabere kald\u0131. Barcelona, ezeli rakibi ile puan fark\u0131n\u0131 6&#8217;ya \u00e7\u0131kartma f\u0131rsat\u0131n\u0131 kullanamad\u0131. \u0130spanya La Liga&#8217;da \u015fu anda ba\u015fkan Barcelona&#8217;n\u0131n 67, ikinci s\u0131radaki Real Madrid&#8217;in ise 63 puan\u0131 bulunuyor.<\/p>\n<p><strong>FLICK&#8217;TEN A\u00c7IKLAMA<\/strong><\/p>\n<p> Barcelona Teknik Y\u00f6neticisi Hansi Flick, Real Betis ile oynad\u0131\u011f\u0131 ma\u00e7\u0131n akabinde yapt\u0131\u011f\u0131 a\u00e7\u0131klamada ise Real Madrid&#8217;in puan kayb\u0131n\u0131n kendilerini ilgilendirmedi\u011fini s\u00f6yledi.<\/p>\n<p> Alman teknik adam, <strong>&#8220;Real Madrid&#8217;in ne yapt\u0131\u011f\u0131 umurumda de\u011fil. \u015eayet biz i\u015fimizi yaparsak \u015fampiyon olaca\u011f\u0131z!&#8221;<\/strong> s\u00f6zlerini kulland\u0131.<\/p>\n<p> \u0130spanya La Liga&#8217;n\u0131n bir sonraki haftas\u0131nda Barcelona, Leganes deplasman\u0131na gidecek. Takip\u00e7isi Real Madrid ise gelecek hafta Alaves ile deplasmanda kar\u015f\u0131 kar\u015f\u0131ya gelecek.<\/p>\n<\/div>\n","protected":false},"excerpt":{"rendered":"<p>Barcelona Teknik Y\u00f6neticisi Hansi Flick, Real Betis ma\u00e7\u0131n\u0131n akabinde, &#8220;Real Madrid&#8217;in ne yapt\u0131\u011f\u0131 umurumda de\u011fil. \u015eayet biz i\u015fimizi yaparsak \u015fampiyon olaca\u011f\u0131z!&#8221; formunda konu\u015ftu.<\/p>\n","protected":false},"author":1,"featured_media":38993,"comment_status":"open","ping_status":"open","sticky":false,"template":"","format":"standard","meta":{"footnotes":""},"categories":[25],"tags":[307,364],"class_list":["post-38992","post","type-post","status-publish","format-standard","has-post-thumbnail","hentry","category-futbol","tag-barcelona","tag-real-madrid"],"_links":{"self":[{"href":"https:\/\/haberbesiktas.tr\/index.php?rest_route=\/wp\/v2\/posts\/38992","targetHints":{"allow":["GET"]}}],"collection":[{"href":"https:\/\/haberbesiktas.tr\/index.php?rest_route=\/wp\/v2\/posts"}],"about":[{"href":"https:\/\/haberbesiktas.tr\/index.php?rest_route=\/wp\/v2\/types\/post"}],"author":[{"embeddable":true,"href":"https:\/\/haberbesiktas.tr\/index.php?rest_route=\/wp\/v2\/users\/1"}],"replies":[{"embeddable":true,"href":"https:\/\/haberbesiktas.tr\/index.php?rest_route=%2Fwp%2Fv2%2Fcomments&post=38992"}],"version-history":[{"count":1,"href":"https:\/\/haberbesiktas.tr\/index.php?rest_route=\/wp\/v2\/posts\/38992\/revisions"}],"predecessor-version":[{"id":38994,"href":"https:\/\/haberbesiktas.tr\/index.php?rest_route=\/wp\/v2\/posts\/38992\/revisions\/38994"}],"wp:featuredmedia":[{"embeddable":true,"href":"https:\/\/haberbesiktas.tr\/index.php?rest_route=\/wp\/v2\/media\/38993"}],"wp:attachment":[{"href":"https:\/\/haberbesiktas.tr\/index.php?rest_route=%2Fwp%2Fv2%2Fmedia&parent=38992"}],"wp:term":[{"taxonomy":"category","embeddable":true,"href":"https:\/\/haberbesiktas.tr\/index.php?rest_route=%2Fwp%2Fv2%2Fcategories&post=38992"},{"taxonomy":"post_tag","embeddable":true,"href":"https:\/\/haberbesiktas.tr\/index.php?rest_route=%2Fwp%2Fv2%2Ftags&post=38992"}],"curies":[{"name":"wp","href":"https:\/\/api.w.org\/{rel}","templated":true}]}}