{"id":39235,"date":"2025-06-19T06:24:09","date_gmt":"2025-06-19T06:24:09","guid":{"rendered":"https:\/\/haberbesiktas.tr\/?p=39235"},"modified":"2025-06-19T06:24:09","modified_gmt":"2025-06-19T06:24:09","slug":"ankaragucunden-kadro-disi-aciklamasi","status":"publish","type":"post","link":"https:\/\/haberbesiktas.tr\/?p=39235","title":{"rendered":"Ankarag\u00fcc\u00fc&#8217;nden kadro d\u0131\u015f\u0131 a\u00e7\u0131klamas\u0131"},"content":{"rendered":"<div>MKE Ankarag\u00fcc\u00fc Teknik Y\u00f6neticisi Mesut Bakkal, Trendyol 1. Lig&#8217;in 32. haftas\u0131nda Gen\u00e7lerbirli\u011fi&#8217;ne 3-0 yenildikleri ma\u00e7ta oyuncular\u0131n\u0131n alana hi\u00e7bir reaksiyon koymad\u0131\u011f\u0131n\u0131 s\u00f6yledi.<\/p>\n<p> M\u00fcsabakadan sonra d\u00fczenlenen bas\u0131n toplant\u0131s\u0131nda konu\u015fan Bakkal, \u00e7ok \u00fczg\u00fcn oldu\u011funu belirterek, \u015funlar\u0131 kaydetti:<\/p>\n<p> &#8220;Tak\u0131m\u0131 merak ediyordum. \u0130sim olarak \u00e2l\u00e2 oyuncular var. Beni \u00fczen \u015fey \u015fu, kaybedebilirsiniz olabilir, reaksiyon vermeniz gerekiyor. Hi\u00e7bir reaksiyon yoktu. Alanda bir \u015fahsiyet, ki\u015filik, duru\u015f vard\u0131r. Ekip hakk\u0131nda kelam s\u00f6yleme hakk\u0131m fazla yok, yaln\u0131zca 3 g\u00fcn oldu. Mental olarak bir \u015feyler anlatmaya \u00e7al\u0131\u015ft\u0131k. Geri d\u00f6n\u00fc\u015fler g\u00fczeldi ancak \u00fcst \u00fcste amat\u00f6rce goller yedik. Hi\u00e7 idman yapmasan\u0131z bile bu kadar reaksiyonsuz olamaz. Y\u0131llard\u0131r geldi\u011fim gruplarda birinci ma\u00e7larda bir reaksiyon verirdik. \u00c7ok b\u00fcy\u00fck bir camiaday\u0131z, ben de yard\u0131mc\u0131 olmaya geldim. B\u00fcy\u00fck bir hevesle geldik. Bu grup bu durumdan o denli ya da bu t\u00fcrl\u00fc \u00e7\u0131kacak. Vazge\u00e7en bir adam olmad\u0131m. Bir kadronun alanda duru\u015fu olur. Oyuncular\u0131ma da s\u00f6yledim. \u00c7ok \u00e7abuk harekete ge\u00e7mek zorunday\u0131z. Gen\u00e7lerbirli\u011fi hak etti\u011fi bir galibiyet ald\u0131. Ba\u015ftan sona kadar hi\u00e7 hak etmedik. Vakit da yok. Yar\u0131ndan sonra \u0130stanbul&#8217;a gidiyoruz sonra da Bolu&#8217;yla oynayaca\u011f\u0131z. Herkes buna nazaran hareket etmek zorunda. Bu toplulu\u011fa bu yak\u0131\u015fm\u0131yor. Alanda \u00e7aba edenlerle devam edece\u011fiz. Ko\u015facak adamla oynayaca\u011f\u0131z. Canl\u0131 seyrettikten sonra daha \u00e2l\u00e2 anl\u0131yorsunuz.&#8221;<\/p>\n<p> Mesut Bakkal, &#8220;Kadro d\u0131\u015f\u0131 b\u0131rakmay\u0131 d\u00fc\u015f\u00fcnd\u00fc\u011f\u00fcn\u00fcz isimler var m\u0131?&#8221; sorusuna ise &#8220;Ma\u00e7\u0131n akabinde s\u0131ca\u011f\u0131 s\u0131ca\u011f\u0131na bir \u015fey s\u00f6ylemem yanl\u0131\u015f olur. Ma\u00e7\u0131 bir daha seyredece\u011fiz. Sahiden inan\u0131lmaz profesyonel bir kul\u00fcp g\u00f6rd\u00fcm. Ona uygun bi\u00e7imde oyuncular\u0131n da kar\u015f\u0131l\u0131k vermesi gerekiyor. Bu soruya art\u0131k bir \u015fey s\u00f6ylemem yanl\u0131\u015f.&#8221; kar\u015f\u0131l\u0131\u011f\u0131n\u0131 verdi.<\/p>\n<\/div>\n","protected":false},"excerpt":{"rendered":"<p>MKE Ankarag\u00fcc\u00fc Teknik Y\u00f6neticisi Mesut Bakkal, Trendyol 1. Lig&#8217;in 32. haftas\u0131nda Gen\u00e7lerbirli\u011fi&#8217;ne 3-0 yenildikleri ma\u00e7\u0131 k\u0131ymetlendirdi.<\/p>\n","protected":false},"author":1,"featured_media":39236,"comment_status":"open","ping_status":"open","sticky":false,"template":"","format":"standard","meta":{"footnotes":""},"categories":[25],"tags":[63,52,1998],"class_list":["post-39235","post","type-post","status-publish","format-standard","has-post-thumbnail","hentry","category-futbol","tag-hak","tag-takim","tag-tepki"],"_links":{"self":[{"href":"https:\/\/haberbesiktas.tr\/index.php?rest_route=\/wp\/v2\/posts\/39235","targetHints":{"allow":["GET"]}}],"collection":[{"href":"https:\/\/haberbesiktas.tr\/index.php?rest_route=\/wp\/v2\/posts"}],"about":[{"href":"https:\/\/haberbesiktas.tr\/index.php?rest_route=\/wp\/v2\/types\/post"}],"author":[{"embeddable":true,"href":"https:\/\/haberbesiktas.tr\/index.php?rest_route=\/wp\/v2\/users\/1"}],"replies":[{"embeddable":true,"href":"https:\/\/haberbesiktas.tr\/index.php?rest_route=%2Fwp%2Fv2%2Fcomments&post=39235"}],"version-history":[{"count":1,"href":"https:\/\/haberbesiktas.tr\/index.php?rest_route=\/wp\/v2\/posts\/39235\/revisions"}],"predecessor-version":[{"id":39237,"href":"https:\/\/haberbesiktas.tr\/index.php?rest_route=\/wp\/v2\/posts\/39235\/revisions\/39237"}],"wp:featuredmedia":[{"embeddable":true,"href":"https:\/\/haberbesiktas.tr\/index.php?rest_route=\/wp\/v2\/media\/39236"}],"wp:attachment":[{"href":"https:\/\/haberbesiktas.tr\/index.php?rest_route=%2Fwp%2Fv2%2Fmedia&parent=39235"}],"wp:term":[{"taxonomy":"category","embeddable":true,"href":"https:\/\/haberbesiktas.tr\/index.php?rest_route=%2Fwp%2Fv2%2Fcategories&post=39235"},{"taxonomy":"post_tag","embeddable":true,"href":"https:\/\/haberbesiktas.tr\/index.php?rest_route=%2Fwp%2Fv2%2Ftags&post=39235"}],"curies":[{"name":"wp","href":"https:\/\/api.w.org\/{rel}","templated":true}]}}