{"id":3944,"date":"2025-01-16T04:42:45","date_gmt":"2025-01-16T04:42:45","guid":{"rendered":"https:\/\/haberbesiktas.tr\/?p=3944"},"modified":"2025-01-16T04:42:45","modified_gmt":"2025-01-16T04:42:45","slug":"osman-ozkoylu-transferlerle-daha-iyi-konuma-gelecegiz","status":"publish","type":"post","link":"https:\/\/haberbesiktas.tr\/?p=3944","title":{"rendered":"Osman \u00d6zk\u00f6yl\u00fc: &#8220;Transferlerle daha iyi konuma gelece\u011fiz.&#8221;"},"content":{"rendered":"<div>Trendyol 1. Lig&#8217;in 19. haftas\u0131nda Solwie Energy Fatih Karag\u00fcmr\u00fck&#8217;e 1-0 yenilen Alag\u00f6z Holding I\u011fd\u0131r FK&#8217;de teknik y\u00f6netici Osman \u00d6zk\u00f6yl\u00fc, yeni transfer ve planlamayla daha olumlu bir s\u00fcrece girmeyi hedeflediklerini s\u00f6yledi.<\/p>\n<p> Osman \u00d6zk\u00f6yl\u00fc, m\u00fcsabakan\u0131n akabinde d\u00fczenlenen bas\u0131n toplant\u0131s\u0131nda a\u00e7\u0131klamada bulundu.<\/p>\n<p> Ma\u00e7\u0131n birinci yar\u0131s\u0131nda \u00e7ok yeterli oynad\u0131klar\u0131n\u0131 belirten \u00d6zk\u00f6yl\u00fc, &#8220;\u0130lk yar\u0131 durum vermeden, rakip yar\u0131 alanda oynad\u0131k. \u00c7ok hakikat bask\u0131lar yapt\u0131k, rakibe yan\u0131lg\u0131lar yapt\u0131rd\u0131k, konumlar da bulduk ancak maalesef son vuru\u015fu yapamad\u0131\u011f\u0131m\u0131z i\u00e7in \u00f6ne ge\u00e7meyi ba\u015faramad\u0131k.&#8221; dedi.<\/p>\n<p> Kadronun ikinci yar\u0131ya ba\u015f olarak da\u011f\u0131n\u0131k ba\u015flad\u0131\u011f\u0131n\u0131 ve bunun sonucunda gol yedi\u011fini lisana getiren \u00d6zk\u00f6yl\u00fc, &#8220;Hatalardan \u00f6t\u00fcr\u00fc \u00e7ok kolay bir gol yedik. Oyun i\u00e7erisindeki payla\u015ft\u0131rmada rakibin bu oyuncular\u0131n\u0131n aktifli\u011fini daima anlatt\u0131k lakin anl\u0131k kusurlar maalesef de\u011ferliye patl\u0131yor. Golden sonra hamle yapmaya, konum bulmaya \u00e7al\u0131\u015ft\u0131k. \u00c7ok \u00fcretemedik. Rakip yeterlice geriye yasland\u0131, b\u00fcsb\u00fct\u00fcn savunmaya \u00e7ekildi ve art\u0131k b\u00fcsb\u00fct\u00fcn kontra atak futboluna d\u00f6nd\u00fcler.&#8221; diye konu\u015ftu.<\/p>\n<p> Sonu\u00e7tan \u00f6t\u00fcr\u00fc \u00fczg\u00fcn \u00fczg\u00fcn olduklar\u0131n\u0131 belirten \u00d6zk\u00f6yl\u00fc, \u015f\u00f6yle devam etti:<\/p>\n<p> &#8220;Yani bu kadro bu ma\u00e7\u0131 kaybetmeyi hak etmedi. Oynad\u0131klar\u0131 oyun, yapt\u0131klar\u0131 \u00e7abayla oyuncular\u0131m\u0131z nitekim bug\u00fcn kazanmay\u0131 \u00e7ok istedi. Haftalard\u0131r s\u00fcren bir dertli s\u00fcrecimiz, mak\u00fbs gidi\u015fat\u0131m\u0131z var. Bunu toparlamaya \u00e7al\u0131\u015f\u0131yoruz lakin kolay de\u011fil. Mental olarak da kadro \u00e7ok d\u00fc\u015fm\u00fc\u015f durumda. \u0130\u015fin fizik\u00ee ve teknik taktik k\u0131sm\u0131 bir tarafa, \u00e7\u00f6zmemiz gereken \u015fey bu mental yorgunluk ve y\u0131k\u0131m. Ald\u0131\u011f\u0131m\u0131z her mak\u00fbs sonu\u00e7 bu y\u0131k\u0131m\u0131 daha da b\u00fcy\u00fct\u00fcyor. Bu da bizim ismimize olumsuz bir tablo olu\u015fturuyor.&#8221;<\/p>\n<p> Pes etmeyeceklerini ve \u00e7al\u0131\u015fmaya devam edeceklerini aktaran \u00d6zk\u00f6yl\u00fc, &#8220;Pazartesiden itibaren yeni bir transfer devri var. Bu periyotta ger\u00e7ek planlamay\u0131 yaparak grubumuza ger\u00e7ek oyuncular katmam\u0131z, eksiklerimizi tamamlamam\u0131z gerekiyor. \u0130n\u015fallah burada oynayaca\u011f\u0131m\u0131z Boluspor ma\u00e7\u0131yla birlikte daha olumlu sonu\u00e7lar\u0131n oldu\u011fu bir s\u00fcrece ba\u015flamak istiyoruz.&#8221; s\u00f6zlerini kulland\u0131.<\/p>\n<p> En k\u0131sa m\u00fcddette toparlanmaya \u00e7al\u0131\u015facaklar\u0131n\u0131 belirten \u00d6zk\u00f6yl\u00fc, \u015funlar\u0131 kaydetti:<\/p>\n<p> &#8220;Evet fark\u0131nday\u0131z herkesi \u00e7ok \u00fcz\u00fcyoruz. Ald\u0131\u011f\u0131m\u0131z sonu\u00e7lar asla olmamas\u0131 gereken sonu\u00e7lar lakin futbolun bazen adaleti olmuyor. Bug\u00fcn sonu\u00e7 bu olmamal\u0131yd\u0131, adil bir sonu\u00e7 olmad\u0131 bize nazaran. Sonuca bakt\u0131\u011f\u0131m\u0131z vakit rakip grup 1-0 kazand\u0131. Onlar\u0131 tebrik ediyorum fakat vakit zaman oyun i\u00e7erisindeki provokasyonlar, g\u00f6sterilmesi gereken kartlar&#8230; Wesley her olay\u0131n i\u00e7inde var lakin sar\u0131 kart g\u00f6rmedi. Hakemin burada biraz daha objektif davranmas\u0131 gerekiyor. Bunlar\u0131 hi\u00e7bir bi\u00e7imde mazeret olarak sunmak istemiyorum lakin oyun i\u00e7erisinde bazen temponuzu etkiliyor. \u00dczg\u00fcn\u00fcz, en k\u0131sa m\u00fcddette toparlay\u0131p aya\u011fa kalkmak i\u00e7in gayret edece\u011fiz.&#8221;<\/p>\n<\/div>\n","protected":false},"excerpt":{"rendered":"<p>Osman \u00d6zk\u00f6yl\u00fc, I\u011fd\u0131r FK- F. Karag\u00fcmr\u00fck m\u00fcsabakas\u0131n\u0131n akabinde d\u00fczenlenen bas\u0131n toplant\u0131s\u0131nda a\u00e7\u0131klamada bulundu.<\/p>\n","protected":false},"author":1,"featured_media":3945,"comment_status":"open","ping_status":"open","sticky":false,"template":"","format":"standard","meta":{"footnotes":""},"categories":[25],"tags":[43,532,52],"class_list":["post-3944","post","type-post","status-publish","format-standard","has-post-thumbnail","hentry","category-futbol","tag-oyun","tag-ozkoylu","tag-takim"],"_links":{"self":[{"href":"https:\/\/haberbesiktas.tr\/index.php?rest_route=\/wp\/v2\/posts\/3944","targetHints":{"allow":["GET"]}}],"collection":[{"href":"https:\/\/haberbesiktas.tr\/index.php?rest_route=\/wp\/v2\/posts"}],"about":[{"href":"https:\/\/haberbesiktas.tr\/index.php?rest_route=\/wp\/v2\/types\/post"}],"author":[{"embeddable":true,"href":"https:\/\/haberbesiktas.tr\/index.php?rest_route=\/wp\/v2\/users\/1"}],"replies":[{"embeddable":true,"href":"https:\/\/haberbesiktas.tr\/index.php?rest_route=%2Fwp%2Fv2%2Fcomments&post=3944"}],"version-history":[{"count":1,"href":"https:\/\/haberbesiktas.tr\/index.php?rest_route=\/wp\/v2\/posts\/3944\/revisions"}],"predecessor-version":[{"id":3946,"href":"https:\/\/haberbesiktas.tr\/index.php?rest_route=\/wp\/v2\/posts\/3944\/revisions\/3946"}],"wp:featuredmedia":[{"embeddable":true,"href":"https:\/\/haberbesiktas.tr\/index.php?rest_route=\/wp\/v2\/media\/3945"}],"wp:attachment":[{"href":"https:\/\/haberbesiktas.tr\/index.php?rest_route=%2Fwp%2Fv2%2Fmedia&parent=3944"}],"wp:term":[{"taxonomy":"category","embeddable":true,"href":"https:\/\/haberbesiktas.tr\/index.php?rest_route=%2Fwp%2Fv2%2Fcategories&post=3944"},{"taxonomy":"post_tag","embeddable":true,"href":"https:\/\/haberbesiktas.tr\/index.php?rest_route=%2Fwp%2Fv2%2Ftags&post=3944"}],"curies":[{"name":"wp","href":"https:\/\/api.w.org\/{rel}","templated":true}]}}