{"id":39451,"date":"2025-06-19T20:24:09","date_gmt":"2025-06-19T20:24:09","guid":{"rendered":"https:\/\/haberbesiktas.tr\/?p=39451"},"modified":"2025-06-19T20:24:09","modified_gmt":"2025-06-19T20:24:09","slug":"altinordu-icin-isler-yolunda-gitmiyor","status":"publish","type":"post","link":"https:\/\/haberbesiktas.tr\/?p=39451","title":{"rendered":"Alt\u0131nordu i\u00e7in i\u015fler yolunda gitmiyor"},"content":{"rendered":"<div>2&#8217;nci Lig Beyaz K\u00fcme&#8217;de ge\u00e7en hafta i\u00e7inde deplasmanda Kastamonuspor&#8217;a 2-0 yenildikten sonra d\u00fcn de Trabzon&#8217;da 1461 Trabzon&#8217;a 1-0 ma\u011flup olan Alt\u0131nordu, \u0130zmir d\u0131\u015f\u0131nda oynad\u0131\u011f\u0131 son 3 ma\u00e7\u0131 kaybederek s\u0131n\u0131fta kald\u0131. D\u0131\u015f alandaki son 4 m\u00fcsabakada Fethiyespor&#8217;a da 1-0 yenilen k\u0131rm\u0131z\u0131-lacivertliler yaln\u0131zca \u0130zmir derbisinde konuk oldu\u011fu Altay&#8217;\u0131 son dakikalarda buldu\u011fu gollerle 3-2 yenebildi.<\/p>\n<p><span><strong>Z\u0130RVEN\u0130N UZA\u011eINDA<\/strong><\/span><\/p>\n<p> Ya\u015fad\u0131\u011f\u0131 puan kay\u0131plar\u0131yla 4&#8217;\u00fcnc\u00fc s\u0131radan 5&#8217;inci basama\u011fa gerileyen 55 puanl\u0131 Alt\u0131nordu&#8217;da Teknik Y\u00f6netici Ersan Parlatan beklentileri kar\u015f\u0131layamad\u0131. \u0130zmir grubunda ma\u00e7 ba\u015f\u0131na 2 puan ortalamas\u0131 yakalayan Olcay \u015eahan&#8217;\u0131n yerine vazife gelen Parlatan, 1.5 puan ortalamas\u0131 tutturabildi. \u015eahan periyodunda doru\u011fun 8 gerisinde yer alan Alt\u0131nordu, Parlatan&#8217;la birlikte \u00f6nderin 17 puan gerisinde kald\u0131.<\/p>\n<\/div>\n","protected":false},"excerpt":{"rendered":"<p>TFF 2. Lig Beyaz K\u00fcme tak\u0131mlar\u0131ndan Alt\u0131nordu, oynad\u0131\u011f\u0131 son 3 deplasman ma\u00e7\u0131ndan da ma\u011flubiyetle ayr\u0131ld\u0131.<\/p>\n","protected":false},"author":1,"featured_media":39452,"comment_status":"open","ping_status":"open","sticky":false,"template":"","format":"standard","meta":{"footnotes":""},"categories":[25],"tags":[],"class_list":["post-39451","post","type-post","status-publish","format-standard","has-post-thumbnail","hentry","category-futbol"],"_links":{"self":[{"href":"https:\/\/haberbesiktas.tr\/index.php?rest_route=\/wp\/v2\/posts\/39451","targetHints":{"allow":["GET"]}}],"collection":[{"href":"https:\/\/haberbesiktas.tr\/index.php?rest_route=\/wp\/v2\/posts"}],"about":[{"href":"https:\/\/haberbesiktas.tr\/index.php?rest_route=\/wp\/v2\/types\/post"}],"author":[{"embeddable":true,"href":"https:\/\/haberbesiktas.tr\/index.php?rest_route=\/wp\/v2\/users\/1"}],"replies":[{"embeddable":true,"href":"https:\/\/haberbesiktas.tr\/index.php?rest_route=%2Fwp%2Fv2%2Fcomments&post=39451"}],"version-history":[{"count":1,"href":"https:\/\/haberbesiktas.tr\/index.php?rest_route=\/wp\/v2\/posts\/39451\/revisions"}],"predecessor-version":[{"id":39453,"href":"https:\/\/haberbesiktas.tr\/index.php?rest_route=\/wp\/v2\/posts\/39451\/revisions\/39453"}],"wp:featuredmedia":[{"embeddable":true,"href":"https:\/\/haberbesiktas.tr\/index.php?rest_route=\/wp\/v2\/media\/39452"}],"wp:attachment":[{"href":"https:\/\/haberbesiktas.tr\/index.php?rest_route=%2Fwp%2Fv2%2Fmedia&parent=39451"}],"wp:term":[{"taxonomy":"category","embeddable":true,"href":"https:\/\/haberbesiktas.tr\/index.php?rest_route=%2Fwp%2Fv2%2Fcategories&post=39451"},{"taxonomy":"post_tag","embeddable":true,"href":"https:\/\/haberbesiktas.tr\/index.php?rest_route=%2Fwp%2Fv2%2Ftags&post=39451"}],"curies":[{"name":"wp","href":"https:\/\/api.w.org\/{rel}","templated":true}]}}