{"id":3947,"date":"2025-01-16T04:54:45","date_gmt":"2025-01-16T04:54:45","guid":{"rendered":"https:\/\/haberbesiktas.tr\/?p=3947"},"modified":"2025-01-16T04:54:45","modified_gmt":"2025-01-16T04:54:45","slug":"volkan-demirel-besiktasin-su-anki-durumu-onemli-degil","status":"publish","type":"post","link":"https:\/\/haberbesiktas.tr\/?p=3947","title":{"rendered":"Volkan Demirel: &#8220;Be\u015fikta\u015f&#8217;\u0131n \u015fu anki durumu \u00f6nemli de\u011fil&#8221;"},"content":{"rendered":"<div>Trendyol \u00dcst\u00fcn Lig&#8217;in 19. haftas\u0131nda kar\u015f\u0131 kar\u015f\u0131ya gelecek olan Be\u015fikta\u015f\u00a0ile\u00a0Bodrum FK ortas\u0131ndaki ma\u00e7 \u00f6ncesi Bodrum FK&#8217;de teknik y\u00f6netici Volkan Demirel a\u00e7\u0131klamalarda bulundu.<\/p>\n<p>Be\u015fikta\u015f&#8217;\u0131n durumu hakk\u0131nda konu\u015fan Demirel: <strong>&#8220;<\/strong><span><strong>Be\u015fikta\u015f bu \u00fclkenin de\u011ferli gruplar\u0131ndan birisi, h\u00fcrmet duyulmas\u0131 gerekiyor. \u00dclkemizin 3-4 en g\u00fczide tak\u0131m\u0131ndan birisi. \u015eu anki durumlar\u0131 k\u0131ymetli de\u011fil.&#8221;<\/strong> dedi.<\/p>\n<p>Bodrum FK&#8217;nin durumunu yorumlayan teknik adam,<strong>&#8220;Bizimle ilgili oyundan memnunuz fakat skorlar\u0131 daha g\u00fczel hale getirmeliyiz. Buldu\u011fumuz konumlar\u0131 de\u011ferlendirmeye \u00e7al\u0131\u015faca\u011f\u0131z. Devre ortas\u0131nda yapaca\u011f\u0131m\u0131z ataklarla kadromuzu g\u00fc\u00e7lendirmeye \u00e7al\u0131\u015faca\u011f\u0131z. Ma\u00e7ta g\u00fczel bir oyun olaca\u011f\u0131ndan eminim fakat skor olarak ne olaca\u011f\u0131n\u0131 birlikte g\u00f6rece\u011fiz. Emelimiz ho\u015f oyunumuzu skora yans\u0131tmak.&#8221; <\/strong>a\u00e7\u0131klamas\u0131n\u0131 yapt\u0131.<\/span><\/div>\n","protected":false},"excerpt":{"rendered":"<p>Bodrum FK Teknik Y\u00f6neticisi Volkan Demirel, Be\u015fikta\u015f m\u00fcsabakas\u0131 \u00f6ncesi a\u00e7\u0131klamalarda bulundu.<\/p>\n","protected":false},"author":1,"featured_media":3948,"comment_status":"open","ping_status":"open","sticky":false,"template":"","format":"standard","meta":{"footnotes":""},"categories":[25],"tags":[],"class_list":["post-3947","post","type-post","status-publish","format-standard","has-post-thumbnail","hentry","category-futbol"],"_links":{"self":[{"href":"https:\/\/haberbesiktas.tr\/index.php?rest_route=\/wp\/v2\/posts\/3947","targetHints":{"allow":["GET"]}}],"collection":[{"href":"https:\/\/haberbesiktas.tr\/index.php?rest_route=\/wp\/v2\/posts"}],"about":[{"href":"https:\/\/haberbesiktas.tr\/index.php?rest_route=\/wp\/v2\/types\/post"}],"author":[{"embeddable":true,"href":"https:\/\/haberbesiktas.tr\/index.php?rest_route=\/wp\/v2\/users\/1"}],"replies":[{"embeddable":true,"href":"https:\/\/haberbesiktas.tr\/index.php?rest_route=%2Fwp%2Fv2%2Fcomments&post=3947"}],"version-history":[{"count":1,"href":"https:\/\/haberbesiktas.tr\/index.php?rest_route=\/wp\/v2\/posts\/3947\/revisions"}],"predecessor-version":[{"id":3949,"href":"https:\/\/haberbesiktas.tr\/index.php?rest_route=\/wp\/v2\/posts\/3947\/revisions\/3949"}],"wp:featuredmedia":[{"embeddable":true,"href":"https:\/\/haberbesiktas.tr\/index.php?rest_route=\/wp\/v2\/media\/3948"}],"wp:attachment":[{"href":"https:\/\/haberbesiktas.tr\/index.php?rest_route=%2Fwp%2Fv2%2Fmedia&parent=3947"}],"wp:term":[{"taxonomy":"category","embeddable":true,"href":"https:\/\/haberbesiktas.tr\/index.php?rest_route=%2Fwp%2Fv2%2Fcategories&post=3947"},{"taxonomy":"post_tag","embeddable":true,"href":"https:\/\/haberbesiktas.tr\/index.php?rest_route=%2Fwp%2Fv2%2Ftags&post=3947"}],"curies":[{"name":"wp","href":"https:\/\/api.w.org\/{rel}","templated":true}]}}