{"id":39475,"date":"2025-06-19T22:00:08","date_gmt":"2025-06-19T22:00:08","guid":{"rendered":"https:\/\/haberbesiktas.tr\/?p=39475"},"modified":"2025-06-19T22:00:08","modified_gmt":"2025-06-19T22:00:08","slug":"ansu-fatiden-ayrilik-karari","status":"publish","type":"post","link":"https:\/\/haberbesiktas.tr\/?p=39475","title":{"rendered":"Ansu Fati&#8217;den ayr\u0131l\u0131k karar\u0131!"},"content":{"rendered":"<div>Barcelona formas\u0131 giyen Ansu Fati, kadrodan ayr\u0131lmay\u0131 d\u00fc\u015f\u00fcn\u00fcyor.<\/p>\n<p> <strong>ARA TRANSFERDE GRUPTA KALDI<\/strong><\/p>\n<p> Mundo Deportivo&#8217;da yer alan habere nazaran, Fati&#8217;nin ayr\u0131l\u0131\u011f\u0131 devre ortas\u0131 transfer devrinde de g\u00fcndeme gelmi\u015fti. O devirde de ayr\u0131l\u0131\u011f\u0131 d\u00fc\u015f\u00fcnen Fati, teknik y\u00f6netici Hansi Flick ile g\u00f6r\u00fc\u015ft\u00fckten sonra ekipte karar\u0131 ald\u0131.<\/p>\n<p> <strong>HAYAL KIRIKLI\u011eI YA\u015eIYOR<\/strong><\/p>\n<p> Fati&#8217;nin ge\u00e7en vakitte istedi\u011fi s\u00fcreyi bulamamamas\u0131 nedeniyle hayal k\u0131r\u0131kl\u0131\u011f\u0131na u\u011frad\u0131\u011f\u0131 ve yaz aylar\u0131nda bu sefer Barcelona&#8217;dan ayr\u0131lmay\u0131 d\u00fc\u015f\u00fcnd\u00fc\u011f\u00fc belirtildi.<\/p>\n<p> <strong>TEMASLAR BA\u015eLADI<\/strong><\/p>\n<p> 22 ya\u015f\u0131ndaki futbolcunun \u00f6nceli\u011finin oynamak oldu\u011fu ve kendisine inanan bir teknik y\u00f6neticinin gelece\u011fi i\u00e7in se\u00e7iminde k\u0131ymetli kriterler oldu\u011fu belirtildi.<\/p>\n<p> Fati&#8217;ye birka\u00e7 kul\u00fcb\u00fcn ilgi g\u00f6sterdi\u011fi ve \u015fimdiden temaslar\u0131n ba\u015flad\u0131\u011f\u0131 kaydedildi. \u0130spanyol bas\u0131n\u0131nda yer alan haberde, bu kul\u00fcplerin ismi ise verilmedi.<\/p>\n<p> <strong>BE\u015e\u0130KTA\u015e \u0130LG\u0130LEND\u0130<\/strong><\/p>\n<p> Fati&#8217;nin ismi ocak ay\u0131ndaki orta transfer devrinde de uzun m\u00fcddet Be\u015fikta\u015f&#8217;\u0131n g\u00fcndeminde yer alm\u0131\u015f lakin 22 ya\u015f\u0131ndaki futbolcu Barcelona&#8217;da kalmay\u0131 tercih etmi\u015fti.<\/p>\n<p> Barcelona&#8217;da bu d\u00f6nem ocak ay\u0131ndan bu yana alandan uzak kalan Fati, toplamda ise m\u00fchlet buldu\u011fu 8 ma\u00e7ta skor katk\u0131s\u0131 yapamad\u0131.<\/p>\n<p> Akt\u00fcel piyasa pahas\u0131 5 milyon euro olarak g\u00f6sterilen 22 ya\u015f\u0131ndaki futbolcunun kul\u00fcb\u00fc Barcelona ile mukavelesi 2027 y\u0131l\u0131na kadar devam ediyor.<\/p>\n<\/div>\n","protected":false},"excerpt":{"rendered":"<p>Barcelona&#8217;da istedi\u011fi s\u00fcreyi bulamayan Ansu Fati, yaz aylar\u0131nda kadrodan ayr\u0131lmay\u0131 d\u00fc\u015f\u00fcn\u00fcyor.<\/p>\n","protected":false},"author":1,"featured_media":39476,"comment_status":"open","ping_status":"open","sticky":false,"template":"","format":"standard","meta":{"footnotes":""},"categories":[25],"tags":[307],"class_list":["post-39475","post","type-post","status-publish","format-standard","has-post-thumbnail","hentry","category-futbol","tag-barcelona"],"_links":{"self":[{"href":"https:\/\/haberbesiktas.tr\/index.php?rest_route=\/wp\/v2\/posts\/39475","targetHints":{"allow":["GET"]}}],"collection":[{"href":"https:\/\/haberbesiktas.tr\/index.php?rest_route=\/wp\/v2\/posts"}],"about":[{"href":"https:\/\/haberbesiktas.tr\/index.php?rest_route=\/wp\/v2\/types\/post"}],"author":[{"embeddable":true,"href":"https:\/\/haberbesiktas.tr\/index.php?rest_route=\/wp\/v2\/users\/1"}],"replies":[{"embeddable":true,"href":"https:\/\/haberbesiktas.tr\/index.php?rest_route=%2Fwp%2Fv2%2Fcomments&post=39475"}],"version-history":[{"count":1,"href":"https:\/\/haberbesiktas.tr\/index.php?rest_route=\/wp\/v2\/posts\/39475\/revisions"}],"predecessor-version":[{"id":39477,"href":"https:\/\/haberbesiktas.tr\/index.php?rest_route=\/wp\/v2\/posts\/39475\/revisions\/39477"}],"wp:featuredmedia":[{"embeddable":true,"href":"https:\/\/haberbesiktas.tr\/index.php?rest_route=\/wp\/v2\/media\/39476"}],"wp:attachment":[{"href":"https:\/\/haberbesiktas.tr\/index.php?rest_route=%2Fwp%2Fv2%2Fmedia&parent=39475"}],"wp:term":[{"taxonomy":"category","embeddable":true,"href":"https:\/\/haberbesiktas.tr\/index.php?rest_route=%2Fwp%2Fv2%2Fcategories&post=39475"},{"taxonomy":"post_tag","embeddable":true,"href":"https:\/\/haberbesiktas.tr\/index.php?rest_route=%2Fwp%2Fv2%2Ftags&post=39475"}],"curies":[{"name":"wp","href":"https:\/\/api.w.org\/{rel}","templated":true}]}}