{"id":39481,"date":"2025-06-19T22:24:09","date_gmt":"2025-06-19T22:24:09","guid":{"rendered":"https:\/\/haberbesiktas.tr\/?p=39481"},"modified":"2025-06-19T22:24:09","modified_gmt":"2025-06-19T22:24:09","slug":"yuksel-yildirimdan-olay-paylasim","status":"publish","type":"post","link":"https:\/\/haberbesiktas.tr\/?p=39481","title":{"rendered":"Y\u00fcksel Y\u0131ld\u0131r\u0131m&#8217;dan olay payla\u015f\u0131m!"},"content":{"rendered":"<div>Samsunspor Ba\u015fkan\u0131 Y\u00fcksel Y\u0131ld\u0131r\u0131m, sosyal medya hesab\u0131ndan dikkat \u00e7eken bir payla\u015f\u0131mda bulundu.<\/p>\n<p> Bu hafta Galatasaray ile kar\u015f\u0131la\u015facak Samsunspor&#8217;da lider Y\u0131ld\u0131r\u0131m, kendisine gelen bir bildirisi payla\u015ft\u0131. Y\u00fcksel Y\u0131ld\u0131r\u0131m, bu payla\u015f\u0131m\u0131na, <strong>&#8220;Bir g\u00fcn t\u00fcm Fenerbah\u00e7elileri bir g\u00fcnl\u00fc\u011f\u00fcne bile olsa Samsunsporlu yapaca\u011f\u0131m demi\u015ftim&#8230;. Allah bana o g\u00fcnleri g\u00f6sterdi\u011fi i\u00e7in ne memnun bana ve Samsunsporluyum diyen taraftar\u0131ma&#8230; Allah&#8217;a \u015f\u00fck\u00fcrler olsun..&#8221;<\/strong> tabirlerini kulland\u0131.<\/p>\n<p> Y\u00fcksel Y\u0131ld\u0131r\u0131m&#8217;\u0131n payla\u015ft\u0131\u011f\u0131 bildiride,<strong> &#8220;Anadolu&#8217;nun \u0130stanbul&#8217;a kar\u015f\u0131 sava\u015fan son kalesi.&#8221;<\/strong> s\u00f6zleriyle birlikte S\u00fcper Lig puan tablosunun yer ald\u0131\u011f\u0131 g\u00f6r\u00fcld\u00fc.<\/p>\n<p> Y\u00fcksel Y\u0131ld\u0131r\u0131m&#8217;\u0131n bu payla\u015f\u0131m\u0131 toplumsal medyada g\u00fcndem yaratt\u0131.<\/p>\n<p><strong>Y\u00fcksel Y\u0131ld\u0131r\u0131m&#8217;\u0131n payla\u015f\u0131m\u0131nda kulland\u0131\u011f\u0131 o foto\u011fraf:<\/p>\n<p><img decoding=\"async\" src=\"https:\/\/haberbesiktas.tr\/wp-content\/uploads\/2025\/06\/yuksel-yildirimdan-olay-paylasim-0-tamJk4cS.jpg\"\/><br \/><\/strong><\/p>\n<\/div>\n","protected":false},"excerpt":{"rendered":"<p>Samsunspor Ba\u015fkan\u0131 Y\u00fcksel Y\u0131ld\u0131r\u0131m, Galatasaray ma\u00e7\u0131 \u00f6ncesi kendisine gelen bir iletisi toplumsal medya hesab\u0131ndan payla\u015ft\u0131.<\/p>\n","protected":false},"author":1,"featured_media":39482,"comment_status":"open","ping_status":"open","sticky":false,"template":"","format":"standard","meta":{"footnotes":""},"categories":[25],"tags":[3018],"class_list":["post-39481","post","type-post","status-publish","format-standard","has-post-thumbnail","hentry","category-futbol","tag-yuksel"],"_links":{"self":[{"href":"https:\/\/haberbesiktas.tr\/index.php?rest_route=\/wp\/v2\/posts\/39481","targetHints":{"allow":["GET"]}}],"collection":[{"href":"https:\/\/haberbesiktas.tr\/index.php?rest_route=\/wp\/v2\/posts"}],"about":[{"href":"https:\/\/haberbesiktas.tr\/index.php?rest_route=\/wp\/v2\/types\/post"}],"author":[{"embeddable":true,"href":"https:\/\/haberbesiktas.tr\/index.php?rest_route=\/wp\/v2\/users\/1"}],"replies":[{"embeddable":true,"href":"https:\/\/haberbesiktas.tr\/index.php?rest_route=%2Fwp%2Fv2%2Fcomments&post=39481"}],"version-history":[{"count":1,"href":"https:\/\/haberbesiktas.tr\/index.php?rest_route=\/wp\/v2\/posts\/39481\/revisions"}],"predecessor-version":[{"id":39484,"href":"https:\/\/haberbesiktas.tr\/index.php?rest_route=\/wp\/v2\/posts\/39481\/revisions\/39484"}],"wp:featuredmedia":[{"embeddable":true,"href":"https:\/\/haberbesiktas.tr\/index.php?rest_route=\/wp\/v2\/media\/39482"}],"wp:attachment":[{"href":"https:\/\/haberbesiktas.tr\/index.php?rest_route=%2Fwp%2Fv2%2Fmedia&parent=39481"}],"wp:term":[{"taxonomy":"category","embeddable":true,"href":"https:\/\/haberbesiktas.tr\/index.php?rest_route=%2Fwp%2Fv2%2Fcategories&post=39481"},{"taxonomy":"post_tag","embeddable":true,"href":"https:\/\/haberbesiktas.tr\/index.php?rest_route=%2Fwp%2Fv2%2Ftags&post=39481"}],"curies":[{"name":"wp","href":"https:\/\/api.w.org\/{rel}","templated":true}]}}