{"id":39491,"date":"2025-06-19T23:00:11","date_gmt":"2025-06-19T23:00:11","guid":{"rendered":"https:\/\/haberbesiktas.tr\/?p=39491"},"modified":"2025-06-19T23:00:11","modified_gmt":"2025-06-19T23:00:11","slug":"guardioladan-fodenin-annesine-edilen-kufurlere-tepki","status":"publish","type":"post","link":"https:\/\/haberbesiktas.tr\/?p=39491","title":{"rendered":"Guardiola&#8217;dan Foden&#8217;\u0131n annesine edilen k\u00fcf\u00fcrlere tepki!"},"content":{"rendered":"<div>Manchester City Teknik Y\u00f6neticisi Pep Guardiola, Pazar g\u00fcn\u00fc oynanan gols\u00fcz Manchester derbisinde, Manchester United taraftarlar\u0131n\u0131n Phil Foden&#8217;a y\u00f6nelik annesiyle ilgili hakaret i\u00e7eren tezah\u00fcratlar\u0131n\u0131 sert bir lisanla ele\u015ftirdi.<\/p>\n<p> Guardiola, bu \u00e7e\u015fit telaffuzlar\u0131n &#8220;s\u0131n\u0131f eksikli\u011fi&#8221; oldu\u011funu belirtti.<\/p>\n<p><strong>&#8220;BU BE\u015eERLER UTANMALI!&#8221;<\/strong><\/p>\n<p> Derbinin birinci yar\u0131s\u0131nda, City&#8217;nin Stretford End&#8217;e atak etti\u011fi s\u0131rada y\u00f6neltilen tezah\u00fcratlarla ilgili konu\u015fan Guardiola, <strong>&#8220;Bu United de\u011fil, bu bireyler, yani taraftarlar\u2026 Futbolda hepimiz, menajerler, futbolcular, kul\u00fcp sahipleri, \u00e7ok fazla g\u00f6z \u00f6n\u00fcndeyiz. Lakin Phil&#8217;in annesini bu i\u015fe dahil etmeyi nitekim anlayam\u0131yorum. Bu bir b\u00fct\u00fcnl\u00fck eksikli\u011fi, s\u0131n\u0131f eksikli\u011fi ve bu be\u015ferler utanmal\u0131.&#8221;<\/strong> tabirlerini kulland\u0131.<\/p>\n<p> City cephesinin, ya\u015fananlardan dolay\u0131 b\u00fcy\u00fck \u015fok ve rahats\u0131zl\u0131k duydu\u011fu belirtilirken, Manchester United kul\u00fcb\u00fc de t\u00fcm oyunculara y\u00f6nelik hakaret i\u00e7eren tezah\u00fcratlar\u0131 k\u0131nad\u0131klar\u0131n\u0131 a\u00e7\u0131klad\u0131.<\/p>\n<\/div>\n","protected":false},"excerpt":{"rendered":"<p>Manchester City Teknik Y\u00f6neticisi Pep Guardiola, pazar g\u00fcn\u00fc oynanan derbide Phil Foden&#8217;\u0131n annesine hakaret eden Manchester United taraftarlar\u0131n\u0131 ele\u015ftirdi.<\/p>\n","protected":false},"author":1,"featured_media":39492,"comment_status":"open","ping_status":"open","sticky":false,"template":"","format":"standard","meta":{"footnotes":""},"categories":[25],"tags":[],"class_list":["post-39491","post","type-post","status-publish","format-standard","has-post-thumbnail","hentry","category-futbol"],"_links":{"self":[{"href":"https:\/\/haberbesiktas.tr\/index.php?rest_route=\/wp\/v2\/posts\/39491","targetHints":{"allow":["GET"]}}],"collection":[{"href":"https:\/\/haberbesiktas.tr\/index.php?rest_route=\/wp\/v2\/posts"}],"about":[{"href":"https:\/\/haberbesiktas.tr\/index.php?rest_route=\/wp\/v2\/types\/post"}],"author":[{"embeddable":true,"href":"https:\/\/haberbesiktas.tr\/index.php?rest_route=\/wp\/v2\/users\/1"}],"replies":[{"embeddable":true,"href":"https:\/\/haberbesiktas.tr\/index.php?rest_route=%2Fwp%2Fv2%2Fcomments&post=39491"}],"version-history":[{"count":1,"href":"https:\/\/haberbesiktas.tr\/index.php?rest_route=\/wp\/v2\/posts\/39491\/revisions"}],"predecessor-version":[{"id":39493,"href":"https:\/\/haberbesiktas.tr\/index.php?rest_route=\/wp\/v2\/posts\/39491\/revisions\/39493"}],"wp:featuredmedia":[{"embeddable":true,"href":"https:\/\/haberbesiktas.tr\/index.php?rest_route=\/wp\/v2\/media\/39492"}],"wp:attachment":[{"href":"https:\/\/haberbesiktas.tr\/index.php?rest_route=%2Fwp%2Fv2%2Fmedia&parent=39491"}],"wp:term":[{"taxonomy":"category","embeddable":true,"href":"https:\/\/haberbesiktas.tr\/index.php?rest_route=%2Fwp%2Fv2%2Fcategories&post=39491"},{"taxonomy":"post_tag","embeddable":true,"href":"https:\/\/haberbesiktas.tr\/index.php?rest_route=%2Fwp%2Fv2%2Ftags&post=39491"}],"curies":[{"name":"wp","href":"https:\/\/api.w.org\/{rel}","templated":true}]}}