{"id":39494,"date":"2025-06-19T23:12:11","date_gmt":"2025-06-19T23:12:11","guid":{"rendered":"https:\/\/haberbesiktas.tr\/?p=39494"},"modified":"2025-06-19T23:12:11","modified_gmt":"2025-06-19T23:12:11","slug":"manchester-unitedin-hedefi-cunha","status":"publish","type":"post","link":"https:\/\/haberbesiktas.tr\/?p=39494","title":{"rendered":"Manchester United&#8217;\u0131n hedefi Cunha"},"content":{"rendered":"<div>Manchester United, yaz transfer devrinde tak\u0131m\u0131na k\u0131ymetli destekler yapmak istiyor. Ruben Amorim&#8217;in grubunun transferdeki yeni amac\u0131 ortaya \u00e7\u0131kt\u0131.<\/p>\n<p> TalkSport&#8217;ta yer alan habere nazaran, Manchester United, Vitor Pereira&#8217;n\u0131n tak\u0131m\u0131 Wolverhampton&#8217;da forma giyen Brezilyal\u0131 futbolcu Matheus Cunha ile ilgileniyor.<\/p>\n<p><strong>SERBEST KALMA HUSUSU VAR<\/strong><\/p>\n<p> 25 ya\u015f\u0131ndaki futbolcunun Wolverhampton ile olan mukavelesinde bu yaz devreye girecek bir h\u00fcr kalma unsuru oldu\u011fu ve bu say\u0131n\u0131n yakla\u015f\u0131k 73 milyon euro oldu\u011fu kaydedildi.<\/p>\n<p> 25 ya\u015f\u0131ndaki futbolcuyu Premier Lig&#8217;den Nottingham Forest&#8217;\u0131n da istedi\u011fi lakin Cunha&#8217;n\u0131n gayesinin ligdeki alt\u0131 b\u00fcy\u00fck gruptan birine gitmek oldu\u011fu yaz\u0131ld\u0131.<\/p>\n<p><strong>BU D\u00d6NEM PERFORMANSI<\/strong><\/p>\n<p> \u015eimdiki piyasa k\u0131ymeti 55 milyon euro olarak g\u00f6sterilen Cunha&#8217;n\u0131n Wolverhampton ile kontrat\u0131 2029 y\u0131l\u0131na kadar devam ediyor.<\/p>\n<p> Wolverhampton&#8217;da bu d\u00f6nem 29 ma\u00e7ta m\u00fchlet bulan Cunha, 15 gol att\u0131 ve 4 asist yapt\u0131.<\/p>\n<\/div>\n","protected":false},"excerpt":{"rendered":"<p>Manchester United, Wolverhampton formas\u0131 giyen Brezilyal\u0131 futbolcu Matheus Cunha ile ilgileniyor.<\/p>\n","protected":false},"author":1,"featured_media":39495,"comment_status":"open","ping_status":"open","sticky":false,"template":"","format":"standard","meta":{"footnotes":""},"categories":[25],"tags":[],"class_list":["post-39494","post","type-post","status-publish","format-standard","has-post-thumbnail","hentry","category-futbol"],"_links":{"self":[{"href":"https:\/\/haberbesiktas.tr\/index.php?rest_route=\/wp\/v2\/posts\/39494","targetHints":{"allow":["GET"]}}],"collection":[{"href":"https:\/\/haberbesiktas.tr\/index.php?rest_route=\/wp\/v2\/posts"}],"about":[{"href":"https:\/\/haberbesiktas.tr\/index.php?rest_route=\/wp\/v2\/types\/post"}],"author":[{"embeddable":true,"href":"https:\/\/haberbesiktas.tr\/index.php?rest_route=\/wp\/v2\/users\/1"}],"replies":[{"embeddable":true,"href":"https:\/\/haberbesiktas.tr\/index.php?rest_route=%2Fwp%2Fv2%2Fcomments&post=39494"}],"version-history":[{"count":1,"href":"https:\/\/haberbesiktas.tr\/index.php?rest_route=\/wp\/v2\/posts\/39494\/revisions"}],"predecessor-version":[{"id":39496,"href":"https:\/\/haberbesiktas.tr\/index.php?rest_route=\/wp\/v2\/posts\/39494\/revisions\/39496"}],"wp:featuredmedia":[{"embeddable":true,"href":"https:\/\/haberbesiktas.tr\/index.php?rest_route=\/wp\/v2\/media\/39495"}],"wp:attachment":[{"href":"https:\/\/haberbesiktas.tr\/index.php?rest_route=%2Fwp%2Fv2%2Fmedia&parent=39494"}],"wp:term":[{"taxonomy":"category","embeddable":true,"href":"https:\/\/haberbesiktas.tr\/index.php?rest_route=%2Fwp%2Fv2%2Fcategories&post=39494"},{"taxonomy":"post_tag","embeddable":true,"href":"https:\/\/haberbesiktas.tr\/index.php?rest_route=%2Fwp%2Fv2%2Ftags&post=39494"}],"curies":[{"name":"wp","href":"https:\/\/api.w.org\/{rel}","templated":true}]}}