{"id":39510,"date":"2025-06-20T00:12:11","date_gmt":"2025-06-20T00:12:11","guid":{"rendered":"https:\/\/haberbesiktas.tr\/?p=39510"},"modified":"2025-06-20T00:12:11","modified_gmt":"2025-06-20T00:12:11","slug":"kasimpasa-besiktas-ilk-11ler","status":"publish","type":"post","link":"https:\/\/haberbesiktas.tr\/?p=39510","title":{"rendered":"Kas\u0131mpa\u015fa &#8211; Be\u015fikta\u015f: \u0130lk 11&#8217;ler"},"content":{"rendered":"<div>Be\u015fikta\u015f, Trendyol Muhte\u015fem Lig&#8217;in 30. haftas\u0131nda deplasmanda Kas\u0131mpa\u015fa ile kar\u015f\u0131 kar\u015f\u0131ya gelecek.<\/p>\n<p> Recep Tayyip Erdo\u011fan Stad\u0131&#8217;nda saat 20.00&#8217;de ba\u015flayacak m\u00fcsabakay\u0131, hakem Kadir Sa\u011flam y\u00f6netecek. \u00c7aban\u0131n VAR koltu\u011funda \u0130spanyol hakem Javier Iglesias, AVAR&#8217;da ise Deniz Caner \u00d6zaral oturacak. Ma\u00e7, be\u0130N Sports 1&#8217;den canl\u0131 olarak yay\u0131nlanacak.\u00a0<\/p>\n<p> <strong><span>\u0130LK 11&#8217;LER<\/span><\/strong><\/p>\n<p> <strong><span>Kas\u0131mpa\u015fa:<\/span><\/strong><span> Gianniotis, Piatkowski, Opoku, Yasin, Rodrigues, Espinazo, Ayta\u00e7, Hajradinovic, Mortadha, Fall, Can<\/span><\/p>\n<p> <strong>Be\u015fikta\u015f:<\/strong>\u00a0Mert G\u00fcnok, Svensson, Paulista, Emirhan, Masuaku, Chamberlain, Gedson Fernandes,\u00a0 Joao Mario, Ernest Mu\u00e7i, Rafa Silva, Ciro Immobile<\/p>\n<p><img decoding=\"async\" src=\"https:\/\/haberbesiktas.tr\/wp-content\/uploads\/2025\/06\/kasimpasa-besiktas-ilk-11ler-0-tCJrOKsb.jpg\"\/><\/p>\n<p><strong>IMMOBILE Y\u0130NE 11&#8217;DE<\/strong><\/p>\n<p>*Be\u015fikta\u015f&#8217;ta Galatasaray ve G\u00f6ztepe ma\u00e7lar\u0131nda yedek kalan Ciro Immobile, Kas\u0131mpa\u015fa ma\u00e7\u0131nda birinci 11&#8217;de yer ald\u0131.<\/p>\n<p><span><strong><span>750 TL&#8217;YE VARAN BONUSLA TUTTUR&#8217;DA OYNA!<\/span><\/strong><\/span><\/p>\n<p><span><strong><span><img decoding=\"async\" src=\"https:\/\/haberbesiktas.tr\/wp-content\/uploads\/2025\/06\/kasimpasa-besiktas-ilk-11ler-1-Et59zVBP.png\"\/><\/span><\/strong><\/span><\/p>\n<p> <span><strong>BE\u015e\u0130KTA\u015e&#8217;IN MAKSADI \u00dc\u00c7\u00dcNC\u00dc SIRA<\/strong><\/span><\/p>\n<p> Ligde son olarak derbide Galatasaray&#8217;\u0131 2-1 yenen Be\u015fikta\u015f, \u00fc\u00e7\u00fcnc\u00fc s\u0131radaki Reeder Samsunspor&#8217;un ma\u011flup oldu\u011fu haftada Kas\u0131mpa\u015fa&#8217;y\u0131 yenerek Avrupa kupalar\u0131na i\u015ftirak i\u00e7in sav\u0131n\u0131 devam ettirmek istiyor. Karadeniz temsilcisi, 4 puan farkla \u00fc\u00e7\u00fcnc\u00fc s\u0131rada yer al\u0131yor.<\/p>\n<p> S\u00fcper Lig&#8217;de \u00e7\u0131kt\u0131\u011f\u0131 27 \u00e7abada 13 galibiyet, 8 beraberlik, 6 yenilgi ya\u015fayan siyah-beyazl\u0131lar, haftaya 47 puanla 4. s\u0131rada girdi.<\/p>\n<p> <span><strong>BE\u015e\u0130KTA\u015e&#8217;IN KALAN MA\u00c7LARI<\/strong><\/span><\/p>\n<p> Kalan i\u00e7 saha ma\u00e7lar\u0131: Ba\u015fak\u015fehir, Hatayspor, Adana Demirspor, Rizespor.<\/p>\n<p> Deplasman ma\u00e7lar\u0131: Kas\u0131mpa\u015fa, G\u00f6ztepe, Fenerbah\u00e7e, Alanyaspor, Bodrum FK.<\/p>\n<p> <span><strong>KASIMPA\u015eA&#8217;NIN SON DURUMU<\/strong><\/span><\/p>\n<p> Kas\u0131mpa\u015fa, ligde 11 sefer ile en fazla beraberlik ya\u015fayan ekip olarak dikkati \u00e7ekiyor. Lacivert-beyazl\u0131lar, oynad\u0131\u011f\u0131 28 kar\u015f\u0131la\u015fmada 9 galibiyet, 8 de ma\u011flubiyet ya\u015farken, 38 puan toplad\u0131.<\/p>\n<p> \u00a0<\/p>\n<p> \u00a0<\/p>\n<p> <span><strong>BE\u015e\u0130KTA\u015e&#8217;TA D\u00d6RT EKS\u0130K<\/strong><\/span><\/p>\n<p> Be\u015fikta\u015f&#8217;ta d\u00f6rt futbolcu, Kas\u0131mpa\u015fa kar\u015f\u0131la\u015fmas\u0131nda forma giyemeyecek.<\/p>\n<p> Sakatl\u0131\u011f\u0131 nedeniyle alanlardan uzun m\u00fchlet uzak kalacak Felix Uduokhai&#8217;nin yan\u0131 s\u0131ra tedavisi s\u00fcren Elan Ricardo ile Bakhtiyor Zaynutdinov tak\u0131mda yer almayacak.<\/p>\n<p> Ayr\u0131yeten derbide g\u00f6rd\u00fc\u011f\u00fc k\u0131rm\u0131z\u0131 karttan \u00f6t\u00fcr\u00fc iki ma\u00e7 men cezas\u0131 alan Semih K\u0131l\u0131\u00e7soy da Kas\u0131mpa\u015fa kar\u015f\u0131la\u015fmas\u0131nda formas\u0131ndan uzak kalacak.<\/p>\n<p> <span><strong>BE\u015e\u0130KTA\u015e&#8217;TA BE\u015e OYUNCU SINIRDA<\/strong><\/span><\/p>\n<p> Be\u015fikta\u015f&#8217;ta be\u015f futbolcu, sar\u0131 kart ceza hududunda bulunuyor.<\/p>\n<p> Siyah-beyazl\u0131larda kaleciler Mert G\u00fcnok ile Ersin Destano\u011flu, savunma oyuncular\u0131 Emirhan Top\u00e7u ve Arthur Masuaku ile golc\u00fc futbolcu Ciro Immobile, kart g\u00f6rmeleri halinde cezal\u0131 duruma d\u00fc\u015fecek.<\/p>\n<p> Be\u015f oyuncu, cezal\u0131 duruma d\u00fc\u015fmeleri halinde Muhte\u015fem Lig&#8217;in 31. haftas\u0131nda RAMS Ba\u015fak\u015fehir ile T\u00fcpra\u015f Stad\u0131&#8217;nda yap\u0131lacak m\u00fcsabakada forma giyemeyecek.<\/p>\n<p> <span><strong>KASIMPA\u015eA, SON \u00dc\u00c7 MA\u00c7TA KAZANDI<\/strong><\/span><\/p>\n<p> Be\u015fikta\u015f, S\u00fcper Lig&#8217;de Kas\u0131mpa\u015fa ile oynad\u0131\u011f\u0131 son \u00fc\u00e7 m\u00fcsabakada alandan hezimetle ayr\u0131ld\u0131.<\/p>\n<p> Siyah-beyazl\u0131 tak\u0131m, ge\u00e7en d\u00f6nem lacivert-beyazl\u0131lara 3-1 ve 2-1&#8217;lik skorlarla kaybetmi\u015fti.<\/p>\n<p> &#8220;Kara kartal&#8221;, d\u00f6nemin birinci yar\u0131s\u0131nda T\u00fcpra\u015f Stad\u0131&#8217;nda oynanan kar\u015f\u0131la\u015fmada da 3-1 ma\u011flup olmu\u015ftu.<\/p>\n<p> <span><strong>\u0130K\u0130 KADRO ORTASINDA 44. RANDEVU!<\/strong><\/span><\/p>\n<p> Be\u015fikta\u015f ile Kas\u0131mpa\u015fa, bu ma\u00e7la S\u00fcper Lig&#8217;de 44. kere kar\u015f\u0131 kar\u015f\u0131ya gelecek.<\/p>\n<p> Ligde yap\u0131lan 43 \u00e7abada siyah-beyazl\u0131lar\u0131n \u00fcst\u00fcnl\u00fc\u011f\u00fc dikkati \u00e7ekiyor. Kelam konusu kar\u015f\u0131la\u015fmalar\u0131n 26&#8217;s\u0131n\u0131 Be\u015fikta\u015f kazand\u0131, 8&#8217;i de beraberlikle sonu\u00e7land\u0131.<\/p>\n<p> Kas\u0131mpa\u015fa ise 9 defa galibiyete ula\u015ft\u0131. Kelam konusu ma\u00e7larda Be\u015fikta\u015f, 88 sefer fileleri havaland\u0131r\u0131rken, Kas\u0131mpa\u015fa ise 52 gol kaydetti.<\/p>\n<p> \u00d6te yandan, Be\u015fikta\u015f ile Kas\u0131mpa\u015fa, iki kademeli oynanan 1962-1963 d\u00f6neminde hem beyaz hem de final k\u00fcmesinde birlikte yer ald\u0131\u011f\u0131 i\u00e7in birbirleriyle toplam d\u00f6rt ma\u00e7 yapt\u0131.<\/p>\n<\/div>\n","protected":false},"excerpt":{"rendered":"<p>Harika Lig&#8217;in 30. haftas\u0131nda Be\u015fikta\u015f, Kas\u0131mpa\u015fa deplasman\u0131na konuk olacak.<\/p>\n","protected":false},"author":1,"featured_media":39511,"comment_status":"open","ping_status":"open","sticky":false,"template":"","format":"standard","meta":{"footnotes":""},"categories":[25],"tags":[610,2995,75,50,1135],"class_list":["post-39510","post","type-post","status-publish","format-standard","has-post-thumbnail","hentry","category-futbol","tag-besiktasta","tag-beyaz","tag-kasimpasa","tag-mac","tag-sira"],"_links":{"self":[{"href":"https:\/\/haberbesiktas.tr\/index.php?rest_route=\/wp\/v2\/posts\/39510","targetHints":{"allow":["GET"]}}],"collection":[{"href":"https:\/\/haberbesiktas.tr\/index.php?rest_route=\/wp\/v2\/posts"}],"about":[{"href":"https:\/\/haberbesiktas.tr\/index.php?rest_route=\/wp\/v2\/types\/post"}],"author":[{"embeddable":true,"href":"https:\/\/haberbesiktas.tr\/index.php?rest_route=\/wp\/v2\/users\/1"}],"replies":[{"embeddable":true,"href":"https:\/\/haberbesiktas.tr\/index.php?rest_route=%2Fwp%2Fv2%2Fcomments&post=39510"}],"version-history":[{"count":1,"href":"https:\/\/haberbesiktas.tr\/index.php?rest_route=\/wp\/v2\/posts\/39510\/revisions"}],"predecessor-version":[{"id":39514,"href":"https:\/\/haberbesiktas.tr\/index.php?rest_route=\/wp\/v2\/posts\/39510\/revisions\/39514"}],"wp:featuredmedia":[{"embeddable":true,"href":"https:\/\/haberbesiktas.tr\/index.php?rest_route=\/wp\/v2\/media\/39511"}],"wp:attachment":[{"href":"https:\/\/haberbesiktas.tr\/index.php?rest_route=%2Fwp%2Fv2%2Fmedia&parent=39510"}],"wp:term":[{"taxonomy":"category","embeddable":true,"href":"https:\/\/haberbesiktas.tr\/index.php?rest_route=%2Fwp%2Fv2%2Fcategories&post=39510"},{"taxonomy":"post_tag","embeddable":true,"href":"https:\/\/haberbesiktas.tr\/index.php?rest_route=%2Fwp%2Fv2%2Ftags&post=39510"}],"curies":[{"name":"wp","href":"https:\/\/api.w.org\/{rel}","templated":true}]}}