{"id":39521,"date":"2025-06-20T00:48:08","date_gmt":"2025-06-20T00:48:08","guid":{"rendered":"https:\/\/haberbesiktas.tr\/?p=39521"},"modified":"2025-06-20T00:48:08","modified_gmt":"2025-06-20T00:48:08","slug":"besiktasa-muhammed-damar-transferinde-dev-rakipler","status":"publish","type":"post","link":"https:\/\/haberbesiktas.tr\/?p=39521","title":{"rendered":"Be\u015fikta\u015f&#8217;a Muhammed Damar transferinde dev rakipler!"},"content":{"rendered":"<div>Hoffenheim formas\u0131 giyen ve bu d\u00f6nem Elversberg&#8217;te kiral\u0131k olarak oynayan Muhammed Damar&#8217;\u0131n talipleri art\u0131yor.<\/p>\n<p><strong>GRAF BE\u015e\u0130KTA\u015e&#8217;A \u00d6NERD\u0130<\/strong><\/p>\n<p> Be\u015fikta\u015f&#8217;ta Serdal Adal\u0131 devrinde scout \u015fefi olarak vazifeye ba\u015flayan 20 ya\u015f\u0131ndaki on numaray\u0131 siyah-beyazl\u0131lara \u00f6nermi\u015fti.<\/p>\n<p><strong>DORTMUND VE INTER<\/strong><\/p>\n<p> Sky&#8217;da yer alan habere nazaran, Borussia Dortmund da gen\u00e7 futbolcu ile ilgileniyor. Alman grubunun, 20 ya\u015f\u0131ndaki futbolcunun menajeriyle g\u00f6r\u00fc\u015fmelere ba\u015flad\u0131\u011f\u0131 belirtildi.<\/p>\n<p> Muhammed Damar i\u00e7in ayr\u0131yeten \u0130talya&#8217;dan da Inter&#8217;in devrede oldu\u011fu yaz\u0131ld\u0131.<\/p>\n<p><strong>HOFFENHEIM&#8217;IN PLANI<\/strong><\/p>\n<p> Hoffenheim&#8217;\u0131n da gen\u00e7 futbolcusuna olan ilginin fark\u0131nda oldu\u011fu ve Muhammed Damar&#8217;\u0131 gelecek d\u00f6nem kadronun ana plan\u0131nda tuttu\u011fu kaydedildi. Alman grubunun ayr\u0131yeten gen\u00e7 futbolcunun 2026&#8217;da bitecek kontrat\u0131n\u0131 2029 y\u0131l\u0131na kadar uzatmak istedi\u011fi s\u00f6z edildi.<\/p>\n<p><strong>BU D\u00d6NEM PERFORMANSI<\/strong><\/p>\n<p> Yeni piyasa k\u0131ymeti 4 milyon euro olarak g\u00f6sterilen Muhammed Damar, bu d\u00f6nem kiral\u0131k olarak formas\u0131n\u0131 giydi\u011fi Elversberg&#8217;te \u00e7\u0131kt\u0131\u011f\u0131 26 ma\u00e7ta 7 gol att\u0131 ve 6 asist yapt\u0131.<\/p>\n<p> Muhammed Damar, on numaran\u0131n yan\u0131 s\u0131ra merkez orta saha ve sol kanatta da forma giyebiliyor.<\/p>\n<\/div>\n","protected":false},"excerpt":{"rendered":"<p>Be\u015fikta\u015f&#8217;\u0131n listesinde yer alan Muhammed Damar ile Borussia Dortmund ve Inter de ilgileniyor.<\/p>\n","protected":false},"author":1,"featured_media":39522,"comment_status":"open","ping_status":"open","sticky":false,"template":"","format":"standard","meta":{"footnotes":""},"categories":[25],"tags":[2386],"class_list":["post-39521","post","type-post","status-publish","format-standard","has-post-thumbnail","hentry","category-futbol","tag-muhammed-damar"],"_links":{"self":[{"href":"https:\/\/haberbesiktas.tr\/index.php?rest_route=\/wp\/v2\/posts\/39521","targetHints":{"allow":["GET"]}}],"collection":[{"href":"https:\/\/haberbesiktas.tr\/index.php?rest_route=\/wp\/v2\/posts"}],"about":[{"href":"https:\/\/haberbesiktas.tr\/index.php?rest_route=\/wp\/v2\/types\/post"}],"author":[{"embeddable":true,"href":"https:\/\/haberbesiktas.tr\/index.php?rest_route=\/wp\/v2\/users\/1"}],"replies":[{"embeddable":true,"href":"https:\/\/haberbesiktas.tr\/index.php?rest_route=%2Fwp%2Fv2%2Fcomments&post=39521"}],"version-history":[{"count":1,"href":"https:\/\/haberbesiktas.tr\/index.php?rest_route=\/wp\/v2\/posts\/39521\/revisions"}],"predecessor-version":[{"id":39523,"href":"https:\/\/haberbesiktas.tr\/index.php?rest_route=\/wp\/v2\/posts\/39521\/revisions\/39523"}],"wp:featuredmedia":[{"embeddable":true,"href":"https:\/\/haberbesiktas.tr\/index.php?rest_route=\/wp\/v2\/media\/39522"}],"wp:attachment":[{"href":"https:\/\/haberbesiktas.tr\/index.php?rest_route=%2Fwp%2Fv2%2Fmedia&parent=39521"}],"wp:term":[{"taxonomy":"category","embeddable":true,"href":"https:\/\/haberbesiktas.tr\/index.php?rest_route=%2Fwp%2Fv2%2Fcategories&post=39521"},{"taxonomy":"post_tag","embeddable":true,"href":"https:\/\/haberbesiktas.tr\/index.php?rest_route=%2Fwp%2Fv2%2Ftags&post=39521"}],"curies":[{"name":"wp","href":"https:\/\/api.w.org\/{rel}","templated":true}]}}