{"id":3962,"date":"2025-01-16T05:54:56","date_gmt":"2025-01-16T05:54:56","guid":{"rendered":"https:\/\/haberbesiktas.tr\/?p=3962"},"modified":"2025-01-16T05:54:56","modified_gmt":"2025-01-16T05:54:56","slug":"ismail-ozdemir-kayseri-turkiyeye-ornek-bir-sehirdir","status":"publish","type":"post","link":"https:\/\/haberbesiktas.tr\/?p=3962","title":{"rendered":"\u0130smail \u00d6zdemir: &#8220;Kayseri T\u00fcrkiye&#8217;ye \u00f6rnek bir \u015fehirdir&#8221;"},"content":{"rendered":"<div>MHP Genel Lider Yard\u0131mc\u0131s\u0131 \u0130smail \u00d6zdemir, &#8220;Kayseri bir huzur \u015fehridir. Huzuru, birli\u011fi ve beraberli\u011fiyle T\u00fcrkiye&#8217;ye \u00f6rnek olan bir kenttir.&#8221; dedi.<\/p>\n<p> Trendyol Muhte\u015fem Lig&#8217;in 19. haftas\u0131ndaki Bellona Kayserispor-Reeder Samsunspor ma\u00e7\u0131n\u0131 statta izleyen \u0130smail \u00d6zdemir, m\u00fcsabakan\u0131n akabinde bas\u0131n mensuplar\u0131na a\u00e7\u0131klamada bulundu.<\/p>\n<p> Kayserispor&#8217;un ba\u015far\u0131l\u0131 olaca\u011f\u0131na inand\u0131\u011f\u0131n\u0131 belirten \u00d6zdemir, &#8220;\u00c7\u00fcnk\u00fc gerisinde hakikaten b\u00fct\u00fcn bir kentin dualar\u0131 var, dayanaklar\u0131 var.&#8221; tabirini kulland\u0131.<\/p>\n<p> \u0130smail \u00d6zdemir, Kayserispor&#8217;un ligin 17. haftas\u0131nda Galatasaray&#8217;\u0131 a\u011f\u0131rlad\u0131\u011f\u0131n\u0131 hat\u0131rlatarak, &#8220;Bundan evvelki bir ma\u00e7ta, T\u00fcrkiye&#8217;nin \u00f6nde gelen g\u00fczide kul\u00fcb\u00fc Galatasaray&#8217;\u0131 konuk ettik. Taraftarlar ortas\u0131nda vakit zaman kimi \u015feyler oluyor. Bana sorarsan\u0131z \u00e7ok da Kayseri&#8217;nin, stad\u0131n huzurunu bozacak ya da T\u00fcrkiye&#8217;ye bu manada bir gerginlik yans\u0131tacak bir durum olmamas\u0131na kar\u015f\u0131n ne yaz\u0131k ki devam eden s\u00fcre\u00e7te bu kentin 21 evlad\u0131na, yak\u0131\u015f\u0131k olmayan muamelelerde bulunulmu\u015ftur. Kayserili tabiri ile &#8216;Bu \u00e7ocuklar\u0131n hepsi Gayseri bebesidir.&#8217; Bizim insan\u0131m\u0131z, bizim karde\u015fimiz hatta daha ileri giderek s\u00f6yleyeyim 21 ki\u015fi de bizim dava arkada\u015f\u0131m\u0131zd\u0131r. Yaz\u0131k g\u00fcnah. Gecenin bir yar\u0131s\u0131 kimi meskeninde yat\u0131yorken, bunlar\u0131n ortas\u0131nda devlet memurlar\u0131 da var, ailelerinin yan\u0131ndan bu halde al\u0131nmalar\u0131 g\u00fczel olmam\u0131\u015ft\u0131r. Hasebiyle burada yarg\u0131 toplulu\u011funda bu problemle alakal\u0131 temsil edenler ve karar verenler hakikat bir i\u015f yapmam\u0131\u015ft\u0131r. Anayasan\u0131n kendilerine tan\u0131m\u0131\u015f oldu\u011fu hakk\u0131 hakikat kullanmam\u0131\u015ft\u0131r.&#8221; de\u011ferlendirmesinde bulundu.<\/p>\n<p> Kayseri&#8217;nin huzur, birlik ve beraberli\u011fiyle \u00f6rnek bir kent oldu\u011funu anlatan \u00d6zdemir, \u015funlar\u0131 kaydetti:<\/p>\n<p> &#8220;Kayseri bir huzur \u015fehridir. Huzuru, birli\u011fi ve beraberli\u011fiyle T\u00fcrkiye&#8217;ye \u00f6rnek olan bir kenttir. Unutmay\u0131n geride b\u0131rakt\u0131\u011f\u0131m\u0131z son 1 y\u0131lda, \u00f6zellikle 2024&#8217;te Kayseri&#8217;den ba\u015flamak \u00fczere T\u00fcrkiye&#8217;nin huzurunu etkileyecek birtak\u0131m olaylar cereyan etti. Cumhuriyet Meydan\u0131&#8217;nda Atat\u00fcrk b\u00fcst\u00fcne y\u00f6nelik ger\u00e7ekle\u015ftirilen atak ne ise Suriyeli konuklar\u0131m\u0131z\u0131 ama\u00e7 alan te\u015febb\u00fcsler ne ise emin olun bana nazaran bu da kentin huzurunu bozma te\u015febb\u00fcslerinden bir adedidir. Yarg\u0131 toplulu\u011funda birka\u00e7 tane kendini bilmez ismin yapm\u0131\u015f oldu\u011fu, bu yetkisini de yeniden kendi g\u00f6r\u00fc\u015f\u00fcm\u00fc s\u00f6yl\u00fcyorum berbata kullanarak hem\u015fehrilerimize, 21 gen\u00e7 evlad\u0131m\u0131za yapm\u0131\u015f oldu\u011fu davran\u0131\u015f uygun d\u00fc\u015fmemi\u015ftir. Bunu k\u0131nad\u0131\u011f\u0131m\u0131 tabir etmek istiyorum. Yarg\u0131n\u0131n kendine y\u00f6nelik sorumluluklar\u0131 vard\u0131r fakat biz de bu kentin milletvekilleriyiz. Yasama ile alakal\u0131 sorumlulu\u011fumuz vard\u0131r ve kentimizdeki her bir hem\u015fehrimizi temsil etme sorumlulu\u011fumuz vard\u0131r. Buyursunlar biz de onlar\u0131n hakk\u0131n\u0131 ve hukukunu savunma konusunda \u00fczerimize ne d\u00fc\u015f\u00fcyorsa onu yapaca\u011f\u0131z lakin kentimizin d\u0131\u015far\u0131dan gelip huzurunun bozulmas\u0131na m\u00fcsaade edemeyiz. Bunlar\u0131n hepsi ana kuzusudur, bu kentin evlad\u0131d\u0131r ancak bizler kimlerin de ne oldu\u011funu \u00e7ok uygun biliyoruz. Bu s\u00f6z\u00fcm\u00fcn muhataplar\u0131, \u00f6zellikle yarg\u0131 toplulu\u011fundaki muhataplar\u0131n\u0131n uygun bilmesi laz\u0131m. O y\u00fczden bu kentin huzuruyla kimse bir defa daha bu ve buna benzeri prosed\u00fcrlerle sak\u0131n ola oynamaya kalkmas\u0131n. Bunun da takip\u00e7isi olaca\u011f\u0131m\u0131z\u0131 s\u00f6z etmek istiyorum. Hukuk nezdinde \u00fczerimize d\u00fc\u015fen sorumlulu\u011fumuz neyse takip\u00e7isi olaca\u011f\u0131m\u0131z\u0131 s\u00f6z etmek istiyorum.&#8221;<\/p>\n<\/div>\n","protected":false},"excerpt":{"rendered":"<p>MHP Genel Lider Yard\u0131mc\u0131s\u0131 \u0130smail \u00d6zdemir, Kayserispor-Samsunspor ma\u00e7\u0131 sonras\u0131 a\u00e7\u0131klamalarda bulundu.<\/p>\n","protected":false},"author":1,"featured_media":3963,"comment_status":"open","ping_status":"open","sticky":false,"template":"","format":"standard","meta":{"footnotes":""},"categories":[25],"tags":[534,502,536,535],"class_list":["post-3962","post","type-post","status-publish","format-standard","has-post-thumbnail","hentry","category-futbol","tag-huzur","tag-ola","tag-ozdemir","tag-sehrin"],"_links":{"self":[{"href":"https:\/\/haberbesiktas.tr\/index.php?rest_route=\/wp\/v2\/posts\/3962","targetHints":{"allow":["GET"]}}],"collection":[{"href":"https:\/\/haberbesiktas.tr\/index.php?rest_route=\/wp\/v2\/posts"}],"about":[{"href":"https:\/\/haberbesiktas.tr\/index.php?rest_route=\/wp\/v2\/types\/post"}],"author":[{"embeddable":true,"href":"https:\/\/haberbesiktas.tr\/index.php?rest_route=\/wp\/v2\/users\/1"}],"replies":[{"embeddable":true,"href":"https:\/\/haberbesiktas.tr\/index.php?rest_route=%2Fwp%2Fv2%2Fcomments&post=3962"}],"version-history":[{"count":1,"href":"https:\/\/haberbesiktas.tr\/index.php?rest_route=\/wp\/v2\/posts\/3962\/revisions"}],"predecessor-version":[{"id":3964,"href":"https:\/\/haberbesiktas.tr\/index.php?rest_route=\/wp\/v2\/posts\/3962\/revisions\/3964"}],"wp:featuredmedia":[{"embeddable":true,"href":"https:\/\/haberbesiktas.tr\/index.php?rest_route=\/wp\/v2\/media\/3963"}],"wp:attachment":[{"href":"https:\/\/haberbesiktas.tr\/index.php?rest_route=%2Fwp%2Fv2%2Fmedia&parent=3962"}],"wp:term":[{"taxonomy":"category","embeddable":true,"href":"https:\/\/haberbesiktas.tr\/index.php?rest_route=%2Fwp%2Fv2%2Fcategories&post=3962"},{"taxonomy":"post_tag","embeddable":true,"href":"https:\/\/haberbesiktas.tr\/index.php?rest_route=%2Fwp%2Fv2%2Ftags&post=3962"}],"curies":[{"name":"wp","href":"https:\/\/api.w.org\/{rel}","templated":true}]}}