{"id":39621,"date":"2025-06-20T07:12:05","date_gmt":"2025-06-20T07:12:05","guid":{"rendered":"https:\/\/haberbesiktas.tr\/?p=39621"},"modified":"2025-06-20T07:12:05","modified_gmt":"2025-06-20T07:12:05","slug":"2025-okullar-ne-zaman-kapanacak-kapaniyor-mu-okullar-ne-zaman-tatil-kapanmasina-kac-gun-kaldi","status":"publish","type":"post","link":"https:\/\/haberbesiktas.tr\/?p=39621","title":{"rendered":"2025 Okullar Ne Zaman Kapanacak, Kapan\u0131yor Mu? | Okullar Ne Zaman Tatil, Kapanmas\u0131na Ka\u00e7 G\u00fcn Kald\u0131?"},"content":{"rendered":"<div><span>\u00d6\u011frenciler ve veliler dikkat! 2025 okul kapan\u0131\u015f tarihi belirli oldu.\u00a02025 okullar ne vakit kapanacak, kapan\u0131yor? Okullar ne vakit tatil, kapanmas\u0131na ka\u00e7 g\u00fcn kald\u0131?\u00a0Kapan\u0131\u015fa kalan g\u00fcn say\u0131s\u0131 ve yaz tatili m\u00fcddeti hakk\u0131nda merak etti\u011finiz her \u015fey burada!<\/span><\/p>\n<p><strong>2025 Okullar Ne Zaman Kapanacak,\u00a0Kapan\u0131yor?\u00a0<\/strong><\/p>\n<p><span>Milli E\u011fitim Bakanl\u0131\u011f\u0131 (MEB) taraf\u0131ndan yay\u0131nlanan 2024-2025 e\u011fitim \u00f6\u011fretim y\u0131l\u0131 takvimine nazaran, okullar 20 Haziran 2025 Cuma g\u00fcn\u00fc kapanacak. Bu tarih, ilkokul, ortaokul ve lise \u00f6\u011frencileri i\u00e7in yaz tatilinin ba\u015flang\u0131c\u0131 manas\u0131na geliyor. \u00d6\u011frenciler, karnelerini ald\u0131ktan sonra uzun ve keyifli bir yaz tatiline merhaba diyecekler.<\/span><\/p>\n<p><strong>Okullar Ne Vakit Tatil, Kapanmas\u0131na Ka\u00e7 G\u00fcn Kald\u0131?\u00a0<\/strong><\/p>\n<p><span>Bug\u00fcn, 7 Nisan 2025 Pazartesi. Okullar\u0131n kapanmas\u0131na tam olarak 74 g\u00fcn kald\u0131. \u00d6\u011frenciler ve \u00f6\u011fretmenler, bu g\u00fcn prestijiyle yaz tatili i\u00e7in geri say\u0131ma ba\u015flad\u0131lar bile. Son devirde imtihanlar ve projeler a\u011f\u0131rla\u015f\u0131rken, bir yandan da tatil planlar\u0131 yap\u0131lmaya ba\u015fland\u0131.<\/span><\/p>\n<p><strong>Neden Yaz Tatili Bu Kadar De\u011ferli?<\/strong><\/p>\n<p><span>Yaz tatili, \u00f6\u011frencilerin ve \u00f6\u011fretmenlerin dinlenmesi, yeni g\u00fc\u00e7 toplamas\u0131 ve farkl\u0131 aktivitelere vakit ay\u0131rmas\u0131 i\u00e7in b\u00fcy\u00fck bir f\u0131rsat sunuyor. \u00d6\u011frenciler, bu devirde hem e\u011flenme hem de \u00f6\u011frenme imkan\u0131 bulabiliyorlar. Kitap okuma, spor yapma, yeni hobiler edinme \u00fczere aktivitelerle ferd\u00ee geli\u015fimlerine katk\u0131da bulunabilirler. \u00d6\u011fretmenler ise, a\u011f\u0131r bir e\u011fitim \u00f6\u011fretim y\u0131l\u0131n\u0131n akabinde dinlenme ve kendilerini yenileme f\u0131rsat\u0131 bulurlar.<\/span><\/p>\n<p><strong>2025 Okul Tatili Ne Kadar S\u00fcrecek?<\/strong><\/p>\n<p><span>20 Haziran 2025 tarihinde ba\u015flayacak olan yaz tatilinin ne kadar s\u00fcrece\u011fi de merak edilen bir \u00f6teki mevzu. MEB \u015fimdi 2025-2026 e\u011fitim \u00f6\u011fretim y\u0131l\u0131 takvimini a\u00e7\u0131klamad\u0131. Lakin, ge\u00e7mi\u015f y\u0131llara bak\u0131ld\u0131\u011f\u0131nda yaz tatilinin ekseriyetle Eyl\u00fcl ay\u0131n\u0131n birinci haftas\u0131na kadar s\u00fcrd\u00fc\u011f\u00fc g\u00f6r\u00fcl\u00fcyor. Bu da yakla\u015f\u0131k olarak 2.5 ayl\u0131k bir tatil m\u00fchleti manas\u0131na geliyor. Yeni e\u011fitim \u00f6\u011fretim y\u0131l\u0131n\u0131n ba\u015flang\u0131\u00e7 tarihi MEB taraf\u0131ndan ilerleyen aylarda duyurulacakt\u0131r.<\/span><\/p>\n<\/div>\n<div>Haber ile daha fazlas\u0131na ula\u015f\u0131n:<\/div>\n<div>G\u00fcndem<\/div>\n","protected":false},"excerpt":{"rendered":"<p>2025 okullar ne vakit kapanacak, kapan\u0131yor? Bu soru, Nisan ay\u0131n\u0131n gelmesiyle birlikte milyonlarca \u00f6\u011frenci, veli ve \u00f6\u011fretmenin en \u00e7ok merak etti\u011fi bahislerin ba\u015f\u0131nda geliyor. Yaz tatili hayalleri kurulmaya ba\u015flan\u0131rken, okullar\u0131n ne vakit tatil olaca\u011f\u0131 ve 2025 okul kapan\u0131\u015f tarihine ne kadar kald\u0131\u011f\u0131 b\u00fcy\u00fck bir merak konusu. Pekala, 2025 okullar ne vakit kapanacak, kapan\u0131yor? Okullar ne vakit tatil, kapanmas\u0131na ka\u00e7 g\u00fcn kald\u0131?\u00a0<\/p>\n","protected":false},"author":1,"featured_media":39622,"comment_status":"open","ping_status":"open","sticky":false,"template":"","format":"standard","meta":{"footnotes":""},"categories":[10],"tags":[1674,107,372,373,3029],"class_list":["post-39621","post","type-post","status-publish","format-standard","has-post-thumbnail","hentry","category-basketbol","tag-1674","tag-gun","tag-ogrenciler","tag-okul","tag-yaz-tatili"],"_links":{"self":[{"href":"https:\/\/haberbesiktas.tr\/index.php?rest_route=\/wp\/v2\/posts\/39621","targetHints":{"allow":["GET"]}}],"collection":[{"href":"https:\/\/haberbesiktas.tr\/index.php?rest_route=\/wp\/v2\/posts"}],"about":[{"href":"https:\/\/haberbesiktas.tr\/index.php?rest_route=\/wp\/v2\/types\/post"}],"author":[{"embeddable":true,"href":"https:\/\/haberbesiktas.tr\/index.php?rest_route=\/wp\/v2\/users\/1"}],"replies":[{"embeddable":true,"href":"https:\/\/haberbesiktas.tr\/index.php?rest_route=%2Fwp%2Fv2%2Fcomments&post=39621"}],"version-history":[{"count":1,"href":"https:\/\/haberbesiktas.tr\/index.php?rest_route=\/wp\/v2\/posts\/39621\/revisions"}],"predecessor-version":[{"id":39623,"href":"https:\/\/haberbesiktas.tr\/index.php?rest_route=\/wp\/v2\/posts\/39621\/revisions\/39623"}],"wp:featuredmedia":[{"embeddable":true,"href":"https:\/\/haberbesiktas.tr\/index.php?rest_route=\/wp\/v2\/media\/39622"}],"wp:attachment":[{"href":"https:\/\/haberbesiktas.tr\/index.php?rest_route=%2Fwp%2Fv2%2Fmedia&parent=39621"}],"wp:term":[{"taxonomy":"category","embeddable":true,"href":"https:\/\/haberbesiktas.tr\/index.php?rest_route=%2Fwp%2Fv2%2Fcategories&post=39621"},{"taxonomy":"post_tag","embeddable":true,"href":"https:\/\/haberbesiktas.tr\/index.php?rest_route=%2Fwp%2Fv2%2Ftags&post=39621"}],"curies":[{"name":"wp","href":"https:\/\/api.w.org\/{rel}","templated":true}]}}